{"id":3016,"date":"2026-03-10T18:07:35","date_gmt":"2026-03-10T21:07:35","guid":{"rendered":"https:\/\/tarkettlatam.com\/blog\/?p=3016"},"modified":"2026-03-10T18:07:35","modified_gmt":"2026-03-10T21:07:35","slug":"5-tendencias-de-interiorismo-que-marcaran-el-2026","status":"publish","type":"post","link":"https:\/\/tarkettlatam.com\/blog\/5-tendencias-de-interiorismo-que-marcaran-el-2026\/","title":{"rendered":"5 tendencias de interiorismo que marcar\u00e1n el 2026"},"content":{"rendered":"<p><span style=\"font-weight: 400;\">El interiorismo en 2026 llega con una propuesta m\u00e1s expresiva, c\u00e1lida y conectada con el entorno. Los espacios dejan de ser solo funcionales y se convierten en experiencias que transmiten bienestar, personalidad y equilibrio.<\/span><\/p>\n<p><span style=\"font-weight: 400;\">En <\/span><a href=\"https:\/\/tarkettlatam.com\"><span style=\"font-weight: 400;\">Tarkett LATAM<\/span><\/a><span style=\"font-weight: 400;\">, analizamos las principales corrientes del dise\u00f1o para ayudarte a anticiparte al mercado. A continuaci\u00f3n, te compartimos las 5 tendencias de interiorismo que marcar\u00e1n el 2026 y c\u00f3mo aplicarlas en tus proyectos residenciales, comerciales y corporativos.<\/span><\/p>\n<p><span style=\"color: #1d1d1d; font-family: Montserrat, sans-serif; font-size: 1.6429em; letter-spacing: -0.3px;\"><span dir=\"auto\" style=\"vertical-align: inherit;\"><span dir=\"auto\" style=\"vertical-align: inherit;\">1. Tonos coloridos y alegres: el regreso del optimismo<\/span><\/span><\/span><\/p>\n<p><span style=\"font-weight: 400;\">Despu\u00e9s de varios a\u00f1os dominados por paletas neutras, el color vuelve a ganar protagonismo en el dise\u00f1o de interiores.<\/span><\/p>\n<p><strong><span dir=\"auto\" style=\"vertical-align: inherit;\"><span dir=\"auto\" style=\"vertical-align: inherit;\">En 2026 veremos:<\/span><\/span><\/strong><\/p>\n<ul>\n<li><span style=\"font-weight: 400;\">Tonos vibrantes como terracota, azul profundo y verde oliva.<\/span><\/li>\n<li><span style=\"font-weight: 400;\">Acentos crom\u00e1ticos en pisos, muros y mobiliario.<\/span><\/li>\n<li><span style=\"font-weight: 400;\">Combinaciones equilibradas que aportan dinamismo sin saturar el espacio.<\/span><span style=\"font-weight: 400;\"><br \/>\n<\/span><span style=\"font-weight: 400;\"><span style=\"font-weight: 400;\"><br \/>\n<\/span><\/span><\/p>\n<p><figure id=\"attachment_3021\" aria-describedby=\"caption-attachment-3021\" style=\"width: 1024px\" class=\"wp-caption alignnone\"><img loading=\"lazy\" decoding=\"async\" class=\"size-large wp-image-3021\" src=\"https:\/\/tarkettlatam.com\/blog\/wp-content\/uploads\/2026\/03\/ambientada_hotelaria_bares-e-restaurantes_lvt_ambienta-make-it_0_pumpkin-orange_regua_24075410_1553625734_7190x5169-1024x736.jpg\" alt=\"\" width=\"1024\" height=\"736\" srcset=\"https:\/\/tarkettlatam.com\/blog\/wp-content\/uploads\/2026\/03\/ambientada_hotelaria_bares-e-restaurantes_lvt_ambienta-make-it_0_pumpkin-orange_regua_24075410_1553625734_7190x5169-1024x736.jpg 1024w, https:\/\/tarkettlatam.com\/blog\/wp-content\/uploads\/2026\/03\/ambientada_hotelaria_bares-e-restaurantes_lvt_ambienta-make-it_0_pumpkin-orange_regua_24075410_1553625734_7190x5169-300x216.jpg 300w, https:\/\/tarkettlatam.com\/blog\/wp-content\/uploads\/2026\/03\/ambientada_hotelaria_bares-e-restaurantes_lvt_ambienta-make-it_0_pumpkin-orange_regua_24075410_1553625734_7190x5169-768x552.jpg 768w, https:\/\/tarkettlatam.com\/blog\/wp-content\/uploads\/2026\/03\/ambientada_hotelaria_bares-e-restaurantes_lvt_ambienta-make-it_0_pumpkin-orange_regua_24075410_1553625734_7190x5169-1536x1104.jpg 1536w, https:\/\/tarkettlatam.com\/blog\/wp-content\/uploads\/2026\/03\/ambientada_hotelaria_bares-e-restaurantes_lvt_ambienta-make-it_0_pumpkin-orange_regua_24075410_1553625734_7190x5169-2048x1472.jpg 2048w, https:\/\/tarkettlatam.com\/blog\/wp-content\/uploads\/2026\/03\/ambientada_hotelaria_bares-e-restaurantes_lvt_ambienta-make-it_0_pumpkin-orange_regua_24075410_1553625734_7190x5169-370x266.jpg 370w, https:\/\/tarkettlatam.com\/blog\/wp-content\/uploads\/2026\/03\/ambientada_hotelaria_bares-e-restaurantes_lvt_ambienta-make-it_0_pumpkin-orange_regua_24075410_1553625734_7190x5169-760x546.jpg 760w\" sizes=\"auto, (max-width: 1024px) 100vw, 1024px\" \/><figcaption id=\"caption-attachment-3021\" class=\"wp-caption-text\">L\u00ednea Ambienta Make it \/ Color: Pumpkin Orange e Massai Red \/24195549, 24195548<\/figcaption><\/figure><\/li>\n<\/ul>\n<p><span style=\"font-weight: 400;\">En los pisos <\/span><a href=\"https:\/\/tarkettlatam.com\/lvt\"><span style=\"font-weight: 400;\">vin\u00edlicos y modulares<\/span><\/a><span style=\"font-weight: 400;\">, esta tendencia se refleja en dise\u00f1os que integran vetas naturales, patrones gr\u00e1ficos y tonalidades c\u00e1lidas, permitiendo crear ambientes modernos sin perder sofisticaci\u00f3n.<\/span><\/p>\n<p><span style=\"color: #1d1d1d; font-family: Montserrat, sans-serif; font-size: 1.6429em; letter-spacing: -0.3px;\"><span dir=\"auto\" style=\"vertical-align: inherit;\"><span dir=\"auto\" style=\"vertical-align: inherit;\">2. Neutros c\u00e1lidos: confort visual y atemporalidad<\/span><\/span><\/span><\/p>\n<p><span style=\"font-weight: 400;\">Los grises fr\u00edos ceden espacio a una nueva generaci\u00f3n de neutros m\u00e1s acogedores. En 2026, los protagonistas ser\u00e1n:<\/span><\/p>\n<ul>\n<li><span style=\"font-weight: 400;\">Beige arena<\/span><\/li>\n<li><span style=\"font-weight: 400;\">Tonos crema<\/span><\/li>\n<li><span style=\"font-weight: 400;\">Marrones suaves<\/span><\/li>\n<li><span style=\"font-weight: 400;\">Colores tierra<\/span><\/li>\n<\/ul>\n<p><a href=\"https:\/\/tarkettlatam.com\/blog\/alfombras-desso-enlaced-conoce-la-nueva-linea\/\"><span style=\"font-weight: 400;\">Estos tonos transmiten calma<\/span><\/a><span style=\"font-weight: 400;\">, elegancia y versatilidad. Adem\u00e1s, facilitan la combinaci\u00f3n con muebles, textiles y elementos decorativos.<\/span><\/p>\n<figure id=\"attachment_3022\" aria-describedby=\"caption-attachment-3022\" style=\"width: 1024px\" class=\"wp-caption alignnone\"><img loading=\"lazy\" decoding=\"async\" class=\"size-large wp-image-3022\" src=\"https:\/\/tarkettlatam.com\/blog\/wp-content\/uploads\/2026\/03\/Alfombra-Tarkett-cor-711458005-Linea-Desso-Coleccion-Essence-Stripe--1024x790.jpg\" alt=\"\" width=\"1024\" height=\"790\" srcset=\"https:\/\/tarkettlatam.com\/blog\/wp-content\/uploads\/2026\/03\/Alfombra-Tarkett-cor-711458005-Linea-Desso-Coleccion-Essence-Stripe--1024x790.jpg 1024w, https:\/\/tarkettlatam.com\/blog\/wp-content\/uploads\/2026\/03\/Alfombra-Tarkett-cor-711458005-Linea-Desso-Coleccion-Essence-Stripe--300x231.jpg 300w, https:\/\/tarkettlatam.com\/blog\/wp-content\/uploads\/2026\/03\/Alfombra-Tarkett-cor-711458005-Linea-Desso-Coleccion-Essence-Stripe--768x593.jpg 768w, https:\/\/tarkettlatam.com\/blog\/wp-content\/uploads\/2026\/03\/Alfombra-Tarkett-cor-711458005-Linea-Desso-Coleccion-Essence-Stripe--1536x1185.jpg 1536w, https:\/\/tarkettlatam.com\/blog\/wp-content\/uploads\/2026\/03\/Alfombra-Tarkett-cor-711458005-Linea-Desso-Coleccion-Essence-Stripe--370x285.jpg 370w, https:\/\/tarkettlatam.com\/blog\/wp-content\/uploads\/2026\/03\/Alfombra-Tarkett-cor-711458005-Linea-Desso-Coleccion-Essence-Stripe--760x586.jpg 760w, https:\/\/tarkettlatam.com\/blog\/wp-content\/uploads\/2026\/03\/Alfombra-Tarkett-cor-711458005-Linea-Desso-Coleccion-Essence-Stripe-.jpg 1930w\" sizes=\"auto, (max-width: 1024px) 100vw, 1024px\" \/><figcaption id=\"caption-attachment-3022\" class=\"wp-caption-text\">Linea Desso &#8211; Essence Stripe \/ Color: 711458005<\/figcaption><\/figure>\n<p><span style=\"font-weight: 400;\"><br \/>\nEn proyectos <\/span><a href=\"https:\/\/tarkettlatam.com\/segmentos\/oficina\"><span style=\"font-weight: 400;\">corporativos<\/span><\/a><span style=\"font-weight: 400;\">, <\/span><a href=\"https:\/\/tarkettlatam.com\/segmentos\/tiendas-y-comercios\"><span style=\"font-weight: 400;\">retail<\/span><\/a><span style=\"font-weight: 400;\"> y <\/span><a href=\"https:\/\/tarkettlatam.com\/segmentos\/hoteleria\"><span style=\"font-weight: 400;\">hospitalidad<\/span><\/a><span style=\"font-weight: 400;\">, los pisos vin\u00edlicos en tonos c\u00e1lidos ayudan a crear ambientes profesionales sin perder cercan\u00eda visual, algo cada vez m\u00e1s valorado por los usuarios.<\/span><\/p>\n<p><span style=\"color: #1d1d1d; font-family: Montserrat, sans-serif; font-size: 1.6429em; letter-spacing: -0.3px;\"><span dir=\"auto\" style=\"vertical-align: inherit;\"><span dir=\"auto\" style=\"vertical-align: inherit;\">3. Elementos inspirados en la naturaleza: bienestar como prioridad<\/span><\/span><\/span><\/p>\n<p><span style=\"font-weight: 400;\">La biofilia sigue marcando el dise\u00f1o de interiores. En 2026, la conexi\u00f3n con la naturaleza se fortalece a trav\u00e9s de:<\/span><\/p>\n<ul>\n<li><span style=\"font-weight: 400;\">Texturas org\u00e1nicas<\/span><\/li>\n<li><span style=\"font-weight: 400;\">Acabados tipo madera<\/span><\/li>\n<li><span style=\"font-weight: 400;\">Dise\u00f1os inspirados en piedra y fibras naturales<\/span><\/li>\n<li><span style=\"font-weight: 400;\">Colores que evocan paisajes naturales<\/span><\/li>\n<\/ul>\n<figure id=\"attachment_3023\" aria-describedby=\"caption-attachment-3023\" style=\"width: 1024px\" class=\"wp-caption alignnone\"><img loading=\"lazy\" decoding=\"async\" class=\"size-large wp-image-3023\" src=\"https:\/\/tarkettlatam.com\/blog\/wp-content\/uploads\/2026\/03\/ambientada_residencial_quarto-residencial_lvt_injoy_0_mate_regua_37009301_1557162890_large-1024x683.jpg\" alt=\"\" width=\"1024\" height=\"683\" srcset=\"https:\/\/tarkettlatam.com\/blog\/wp-content\/uploads\/2026\/03\/ambientada_residencial_quarto-residencial_lvt_injoy_0_mate_regua_37009301_1557162890_large-1024x683.jpg 1024w, https:\/\/tarkettlatam.com\/blog\/wp-content\/uploads\/2026\/03\/ambientada_residencial_quarto-residencial_lvt_injoy_0_mate_regua_37009301_1557162890_large-300x200.jpg 300w, https:\/\/tarkettlatam.com\/blog\/wp-content\/uploads\/2026\/03\/ambientada_residencial_quarto-residencial_lvt_injoy_0_mate_regua_37009301_1557162890_large-768x512.jpg 768w, https:\/\/tarkettlatam.com\/blog\/wp-content\/uploads\/2026\/03\/ambientada_residencial_quarto-residencial_lvt_injoy_0_mate_regua_37009301_1557162890_large-370x247.jpg 370w, https:\/\/tarkettlatam.com\/blog\/wp-content\/uploads\/2026\/03\/ambientada_residencial_quarto-residencial_lvt_injoy_0_mate_regua_37009301_1557162890_large-760x507.jpg 760w, https:\/\/tarkettlatam.com\/blog\/wp-content\/uploads\/2026\/03\/ambientada_residencial_quarto-residencial_lvt_injoy_0_mate_regua_37009301_1557162890_large.jpg 1200w\" sizes=\"auto, (max-width: 1024px) 100vw, 1024px\" \/><figcaption id=\"caption-attachment-3023\" class=\"wp-caption-text\">LVT \/ Linea Injoy \/ Color: Mate \/ 24124301<\/figcaption><\/figure>\n<p><span style=\"font-weight: 400;\"><br \/>\nLos espacios buscan generar sensaciones de bienestar, equilibrio y confort emocional. Por eso, los pisos que imitan materiales naturales, con alta resistencia y <\/span><a href=\"https:\/\/tarkettlatam.com\/blog\/el-piso-vinilico-es-resistente-al-agua-descubre-la-verdad\/\"><span style=\"font-weight: 400;\">bajo mantenimiento<\/span><\/a><span style=\"font-weight: 400;\">, se convierten en una soluci\u00f3n ideal para proyectos de alto tr\u00e1fico.<\/span><\/p>\n<p><span style=\"color: #1d1d1d; font-family: Montserrat, sans-serif; font-size: 1.6429em; letter-spacing: -0.3px;\"><span dir=\"auto\" style=\"vertical-align: inherit;\"><span dir=\"auto\" style=\"vertical-align: inherit;\">4. Armon\u00eda entre interior y exterior: espacios fluidos<\/span><\/span><\/span><\/p>\n<p><span style=\"font-weight: 400;\">Otra tendencia fuerte para 2026 es la integraci\u00f3n entre \u00e1reas internas y externas. Los l\u00edmites visuales se difuminan para crear espacios m\u00e1s amplios, conectados y funcionales.<\/span><\/p>\n<p><span style=\"font-weight: 400;\">Esta tendencia se refleja en:<\/span><\/p>\n<ul>\n<li><span style=\"font-weight: 400;\">Uso de materiales continuos entre ambientes<\/span><\/li>\n<li><span style=\"font-weight: 400;\">Dise\u00f1os que funcionan tanto en interiores como en zonas de transici\u00f3n<\/span><\/li>\n<li><span style=\"font-weight: 400;\">Paletas crom\u00e1ticas coherentes en todo el proyecto<\/span><\/li>\n<\/ul>\n<p><span style=\"font-weight: 400;\">Los pisos vin\u00edlicos y modulares juegan un papel clave, ya que ofrecen resistencia, estabilidad dimensional y est\u00e9tica uniforme, permitiendo crear continuidad visual sin sacrificar desempe\u00f1o t\u00e9cnico.<\/span><\/p>\n<figure id=\"attachment_3024\" aria-describedby=\"caption-attachment-3024\" style=\"width: 1024px\" class=\"wp-caption alignnone\"><img loading=\"lazy\" decoding=\"async\" class=\"size-large wp-image-3024\" src=\"https:\/\/tarkettlatam.com\/blog\/wp-content\/uploads\/2026\/03\/ambientada_segmento-educacao_salas-de-aula_mantas-comerciais_linha-iq-eminent_0_21030928_0_1726082510_large-1024x768.jpg\" alt=\"\" width=\"1024\" height=\"768\" srcset=\"https:\/\/tarkettlatam.com\/blog\/wp-content\/uploads\/2026\/03\/ambientada_segmento-educacao_salas-de-aula_mantas-comerciais_linha-iq-eminent_0_21030928_0_1726082510_large-1024x768.jpg 1024w, https:\/\/tarkettlatam.com\/blog\/wp-content\/uploads\/2026\/03\/ambientada_segmento-educacao_salas-de-aula_mantas-comerciais_linha-iq-eminent_0_21030928_0_1726082510_large-300x225.jpg 300w, https:\/\/tarkettlatam.com\/blog\/wp-content\/uploads\/2026\/03\/ambientada_segmento-educacao_salas-de-aula_mantas-comerciais_linha-iq-eminent_0_21030928_0_1726082510_large-768x576.jpg 768w, https:\/\/tarkettlatam.com\/blog\/wp-content\/uploads\/2026\/03\/ambientada_segmento-educacao_salas-de-aula_mantas-comerciais_linha-iq-eminent_0_21030928_0_1726082510_large-370x277.jpg 370w, https:\/\/tarkettlatam.com\/blog\/wp-content\/uploads\/2026\/03\/ambientada_segmento-educacao_salas-de-aula_mantas-comerciais_linha-iq-eminent_0_21030928_0_1726082510_large-760x570.jpg 760w, https:\/\/tarkettlatam.com\/blog\/wp-content\/uploads\/2026\/03\/ambientada_segmento-educacao_salas-de-aula_mantas-comerciais_linha-iq-eminent_0_21030928_0_1726082510_large.jpg 1067w\" sizes=\"auto, (max-width: 1024px) 100vw, 1024px\" \/><figcaption id=\"caption-attachment-3024\" class=\"wp-caption-text\">Mantas Comerciais \/ Linea iQ Eminent \/ Color: 21030928<\/figcaption><\/figure>\n<p><strong><br \/>\nEsta soluci\u00f3n es especialmente relevante para:<\/strong><\/p>\n<p><a href=\"https:\/\/tarkettlatam.com\/segmentos\/hoteleria\"><span style=\"font-weight: 400;\">Hoteles<\/span><\/a><\/p>\n<p><a href=\"https:\/\/tarkettlatam.com\/segmentos\/tiendas-y-comercios\"><span style=\"font-weight: 400;\">Centros comerciales<\/span><\/a><\/p>\n<p><a href=\"https:\/\/tarkettlatam.com\/segmentos\/oficina\"><span style=\"font-weight: 400;\">Oficinas h\u00edbridas<\/span><\/a><\/p>\n<p><a href=\"https:\/\/tarkettlatam.com\/segmentos\/residencial\"><span style=\"font-weight: 400;\">Proyectos residenciales contempor\u00e1neos<\/span><\/a><\/p>\n<p><span style=\"color: #1d1d1d; font-family: Montserrat, sans-serif; font-size: 1.6429em; letter-spacing: -0.3px;\"><span dir=\"auto\" style=\"vertical-align: inherit;\"><span dir=\"auto\" style=\"vertical-align: inherit;\">5. Mobiliario con formas llamativas: protagonismo y car\u00e1cter<\/span><\/span><\/span><\/p>\n<p><span style=\"font-weight: 400;\">En 2026, el mobiliario adopta un lenguaje m\u00e1s escult\u00f3rico. Las formas curvas, vol\u00famenes suaves y piezas protagonistas marcan tendencia.<\/span><\/p>\n<p><strong>Veremos:<\/strong><\/p>\n<ul>\n<li><span style=\"font-weight: 400;\">Sof\u00e1s org\u00e1nicos<\/span><\/li>\n<li><span style=\"font-weight: 400;\">Mesas con bordes redondeados<\/span><\/li>\n<li><span style=\"font-weight: 400;\">Sillas con dise\u00f1os envolventes<\/span><\/li>\n<li><span style=\"font-weight: 400;\">Elementos decorativos con identidad propia<\/span><\/li>\n<\/ul>\n<p><span style=\"font-weight: 400;\">Para lograr equilibrio visual, los pisos cumplen un rol estrat\u00e9gico: acompa\u00f1an el dise\u00f1o sin competir con el mobiliario. Superficies neutras, texturas naturales y patrones sutiles ayudan a destacar las piezas principales sin sobrecargar el ambiente.<\/span><\/p>\n<h5><strong>C\u00f3mo aplicar estas tendencias en tus proyectos<\/strong><\/h5>\n<p><span style=\"font-weight: 400;\">M\u00e1s all\u00e1 de seguir tendencias, el verdadero reto est\u00e1 en adaptarlas a cada tipo de espacio y necesidad. Algunas recomendaciones clave:<\/span><\/p>\n<p><strong>\u2714 Analiza el uso del espacio<br \/>\n<\/strong><span style=\"font-weight: 400;\">No es lo mismo dise\u00f1ar una oficina, un hospital o una vivienda. Cada ambiente requiere soluciones espec\u00edficas.<\/span><\/p>\n<p><strong>\u2714 Prioriza materiales vers\u00e1tiles<br \/>\n<\/strong><span style=\"font-weight: 400;\">Busca pisos que combinen est\u00e9tica, durabilidad y f\u00e1cil mantenimiento.<\/span><\/p>\n<p><strong>\u2714 <a href=\"https:\/\/tarkettlatam.com\/blog\/tarkett-esg-iniciativas-ambientales-sociales-y-de-gobernanza\/\">Apuesta por la sostenibilidad<\/a><br \/>\n<\/strong><span style=\"font-weight: 400;\">Los proyectos actuales valoran cada vez m\u00e1s el impacto ambiental y la eficiencia de los materiales.<\/span><\/p>\n<p><strong>\u2714 Mant\u00e9n coherencia visual<br \/>\n<\/strong><span style=\"font-weight: 400;\">Combina colores, texturas y formas para crear una narrativa visual armoniosa.<br \/>\n<\/span><\/p>\n<hr \/>\n<p><span style=\"font-weight: 400;\">En Tarkett, desarrollamos soluciones que se adaptan a estas tendencias, combinando dise\u00f1o, desempe\u00f1o t\u00e9cnico y compromiso ambiental.<\/span><\/p>\n<p><span style=\"font-weight: 400;\">Pisos Tarkett: dise\u00f1o alineado con el futuro<\/span><\/p>\n<p><span style=\"font-weight: 400;\">Las tendencias de interiorismo 2026 no solo hablan de est\u00e9tica, sino tambi\u00e9n de funcionalidad, bienestar y sostenibilidad. Por eso, elegir el piso adecuado se convierte en una decisi\u00f3n estrat\u00e9gica.<\/span><\/p>\n<p><span style=\"font-weight: 400;\">Las tendencias evolucionan y en Tarkett evolucionamos junto a ellas. Visita nuestro <\/span><a href=\"https:\/\/tarkettlatam.com\"><span style=\"font-weight: 400;\">sitio web<\/span><\/a><span style=\"font-weight: 400;\">, insp\u00edrate con nuestros proyectos y descubre soluciones innovadoras para transformar tus espacios.<\/span><\/p>\n","protected":false},"excerpt":{"rendered":"<p>El interiorismo en 2026 llega con una propuesta m\u00e1s expresiva, c\u00e1lida y conectada con el entorno. Los espacios dejan de ser solo funcionales y se convierten en experiencias que transmiten&hellip;<\/p>\n","protected":false},"author":7,"featured_media":3029,"comment_status":"open","ping_status":"open","sticky":false,"template":"","format":"standard","meta":{"footnotes":""},"categories":[1],"tags":[],"class_list":["post-3016","post","type-post","status-publish","format-standard","has-post-thumbnail","hentry","category-uncategorized"],"yoast_head":"<!-- This site is optimized with the Yoast SEO plugin v25.2 - https:\/\/yoast.com\/wordpress\/plugins\/seo\/ -->\n<title>5 tendencias de interiorismo que marcar\u00e1n el 2026 - Blog Tarkett<\/title>\n<meta name=\"robots\" content=\"index, follow, max-snippet:-1, max-image-preview:large, max-video-preview:-1\" \/>\n<link rel=\"canonical\" href=\"https:\/\/tarkettlatam.com\/blog\/5-tendencias-de-interiorismo-que-marcaran-el-2026\/\" \/>\n<meta property=\"og:locale\" content=\"es_ES\" \/>\n<meta property=\"og:type\" content=\"article\" \/>\n<meta property=\"og:title\" content=\"5 tendencias de interiorismo que marcar\u00e1n el 2026 - Blog Tarkett\" \/>\n<meta property=\"og:description\" content=\"El interiorismo en 2026 llega con una propuesta m\u00e1s expresiva, c\u00e1lida y conectada con el entorno. Los espacios dejan de ser solo funcionales y se convierten en experiencias que transmiten&hellip;\" \/>\n<meta property=\"og:url\" content=\"https:\/\/tarkettlatam.com\/blog\/5-tendencias-de-interiorismo-que-marcaran-el-2026\/\" \/>\n<meta property=\"og:site_name\" content=\"Blog Tarkett\" \/>\n<meta property=\"article:published_time\" content=\"2026-03-10T21:07:35+00:00\" \/>\n<meta property=\"og:image\" content=\"https:\/\/tarkettlatam.com\/blog\/wp-content\/uploads\/2026\/03\/ambientada_segmento-residencial_sala-de-estar_spc_tech_coleccion-ambienta-tech_24089530_Carvalho-Cinza_1744806594_large.jpg\" \/>\n\t<meta property=\"og:image:width\" content=\"933\" \/>\n\t<meta property=\"og:image:height\" content=\"800\" \/>\n\t<meta property=\"og:image:type\" content=\"image\/jpeg\" \/>\n<meta name=\"author\" content=\"Admin\" \/>\n<meta name=\"twitter:card\" content=\"summary_large_image\" \/>\n<meta name=\"twitter:label1\" content=\"Escrito por\" \/>\n\t<meta name=\"twitter:data1\" content=\"Admin\" \/>\n\t<meta name=\"twitter:label2\" content=\"Tiempo de lectura\" \/>\n\t<meta name=\"twitter:data2\" content=\"5 minutos\" \/>\n<script type=\"application\/ld+json\" class=\"yoast-schema-graph\">{\"@context\":\"https:\/\/schema.org\",\"@graph\":[{\"@type\":\"WebPage\",\"@id\":\"https:\/\/tarkettlatam.com\/blog\/5-tendencias-de-interiorismo-que-marcaran-el-2026\/\",\"url\":\"https:\/\/tarkettlatam.com\/blog\/5-tendencias-de-interiorismo-que-marcaran-el-2026\/\",\"name\":\"5 tendencias de interiorismo que marcar\u00e1n el 2026 - Blog Tarkett\",\"isPartOf\":{\"@id\":\"https:\/\/tarkettlatam.com\/blog\/#website\"},\"primaryImageOfPage\":{\"@id\":\"https:\/\/tarkettlatam.com\/blog\/5-tendencias-de-interiorismo-que-marcaran-el-2026\/#primaryimage\"},\"image\":{\"@id\":\"https:\/\/tarkettlatam.com\/blog\/5-tendencias-de-interiorismo-que-marcaran-el-2026\/#primaryimage\"},\"thumbnailUrl\":\"https:\/\/tarkettlatam.com\/blog\/wp-content\/uploads\/2026\/03\/ambientada_segmento-residencial_sala-de-estar_spc_tech_coleccion-ambienta-tech_24089530_Carvalho-Cinza_1744806594_large.jpg\",\"datePublished\":\"2026-03-10T21:07:35+00:00\",\"author\":{\"@id\":\"https:\/\/tarkettlatam.com\/blog\/#\/schema\/person\/eee2be554c1f0ce3a965bec99d044e8a\"},\"breadcrumb\":{\"@id\":\"https:\/\/tarkettlatam.com\/blog\/5-tendencias-de-interiorismo-que-marcaran-el-2026\/#breadcrumb\"},\"inLanguage\":\"es\",\"potentialAction\":[{\"@type\":\"ReadAction\",\"target\":[\"https:\/\/tarkettlatam.com\/blog\/5-tendencias-de-interiorismo-que-marcaran-el-2026\/\"]}]},{\"@type\":\"ImageObject\",\"inLanguage\":\"es\",\"@id\":\"https:\/\/tarkettlatam.com\/blog\/5-tendencias-de-interiorismo-que-marcaran-el-2026\/#primaryimage\",\"url\":\"https:\/\/tarkettlatam.com\/blog\/wp-content\/uploads\/2026\/03\/ambientada_segmento-residencial_sala-de-estar_spc_tech_coleccion-ambienta-tech_24089530_Carvalho-Cinza_1744806594_large.jpg\",\"contentUrl\":\"https:\/\/tarkettlatam.com\/blog\/wp-content\/uploads\/2026\/03\/ambientada_segmento-residencial_sala-de-estar_spc_tech_coleccion-ambienta-tech_24089530_Carvalho-Cinza_1744806594_large.jpg\",\"width\":933,\"height\":800},{\"@type\":\"BreadcrumbList\",\"@id\":\"https:\/\/tarkettlatam.com\/blog\/5-tendencias-de-interiorismo-que-marcaran-el-2026\/#breadcrumb\",\"itemListElement\":[{\"@type\":\"ListItem\",\"position\":1,\"name\":\"Home\",\"item\":\"https:\/\/tarkettlatam.com\/blog\/\"},{\"@type\":\"ListItem\",\"position\":2,\"name\":\"5 tendencias de interiorismo que marcar\u00e1n el 2026\"}]},{\"@type\":\"WebSite\",\"@id\":\"https:\/\/tarkettlatam.com\/blog\/#website\",\"url\":\"https:\/\/tarkettlatam.com\/blog\/\",\"name\":\"Blog Tarkett\",\"description\":\"Tarkett - L\u00edder mundial em pisos vin\u00edlicos\",\"potentialAction\":[{\"@type\":\"SearchAction\",\"target\":{\"@type\":\"EntryPoint\",\"urlTemplate\":\"https:\/\/tarkettlatam.com\/blog\/?s={search_term_string}\"},\"query-input\":{\"@type\":\"PropertyValueSpecification\",\"valueRequired\":true,\"valueName\":\"search_term_string\"}}],\"inLanguage\":\"es\"},{\"@type\":\"Person\",\"@id\":\"https:\/\/tarkettlatam.com\/blog\/#\/schema\/person\/eee2be554c1f0ce3a965bec99d044e8a\",\"name\":\"Admin\",\"image\":{\"@type\":\"ImageObject\",\"inLanguage\":\"es\",\"@id\":\"https:\/\/tarkettlatam.com\/blog\/#\/schema\/person\/image\/\",\"url\":\"https:\/\/secure.gravatar.com\/avatar\/778ce7efcadbdafda57cd10af7a749e7?s=96&d=mm&r=g\",\"contentUrl\":\"https:\/\/secure.gravatar.com\/avatar\/778ce7efcadbdafda57cd10af7a749e7?s=96&d=mm&r=g\",\"caption\":\"Admin\"},\"url\":\"https:\/\/tarkettlatam.com\/blog\/author\/admin\/\"}]}<\/script>\n<!-- \/ Yoast SEO plugin. -->","yoast_head_json":{"title":"5 tendencias de interiorismo que marcar\u00e1n el 2026 - Blog Tarkett","robots":{"index":"index","follow":"follow","max-snippet":"max-snippet:-1","max-image-preview":"max-image-preview:large","max-video-preview":"max-video-preview:-1"},"canonical":"https:\/\/tarkettlatam.com\/blog\/5-tendencias-de-interiorismo-que-marcaran-el-2026\/","og_locale":"es_ES","og_type":"article","og_title":"5 tendencias de interiorismo que marcar\u00e1n el 2026 - Blog Tarkett","og_description":"El interiorismo en 2026 llega con una propuesta m\u00e1s expresiva, c\u00e1lida y conectada con el entorno. Los espacios dejan de ser solo funcionales y se convierten en experiencias que transmiten&hellip;","og_url":"https:\/\/tarkettlatam.com\/blog\/5-tendencias-de-interiorismo-que-marcaran-el-2026\/","og_site_name":"Blog Tarkett","article_published_time":"2026-03-10T21:07:35+00:00","og_image":[{"width":933,"height":800,"url":"https:\/\/tarkettlatam.com\/blog\/wp-content\/uploads\/2026\/03\/ambientada_segmento-residencial_sala-de-estar_spc_tech_coleccion-ambienta-tech_24089530_Carvalho-Cinza_1744806594_large.jpg","type":"image\/jpeg"}],"author":"Admin","twitter_card":"summary_large_image","twitter_misc":{"Escrito por":"Admin","Tiempo de lectura":"5 minutos"},"schema":{"@context":"https:\/\/schema.org","@graph":[{"@type":"WebPage","@id":"https:\/\/tarkettlatam.com\/blog\/5-tendencias-de-interiorismo-que-marcaran-el-2026\/","url":"https:\/\/tarkettlatam.com\/blog\/5-tendencias-de-interiorismo-que-marcaran-el-2026\/","name":"5 tendencias de interiorismo que marcar\u00e1n el 2026 - Blog Tarkett","isPartOf":{"@id":"https:\/\/tarkettlatam.com\/blog\/#website"},"primaryImageOfPage":{"@id":"https:\/\/tarkettlatam.com\/blog\/5-tendencias-de-interiorismo-que-marcaran-el-2026\/#primaryimage"},"image":{"@id":"https:\/\/tarkettlatam.com\/blog\/5-tendencias-de-interiorismo-que-marcaran-el-2026\/#primaryimage"},"thumbnailUrl":"https:\/\/tarkettlatam.com\/blog\/wp-content\/uploads\/2026\/03\/ambientada_segmento-residencial_sala-de-estar_spc_tech_coleccion-ambienta-tech_24089530_Carvalho-Cinza_1744806594_large.jpg","datePublished":"2026-03-10T21:07:35+00:00","author":{"@id":"https:\/\/tarkettlatam.com\/blog\/#\/schema\/person\/eee2be554c1f0ce3a965bec99d044e8a"},"breadcrumb":{"@id":"https:\/\/tarkettlatam.com\/blog\/5-tendencias-de-interiorismo-que-marcaran-el-2026\/#breadcrumb"},"inLanguage":"es","potentialAction":[{"@type":"ReadAction","target":["https:\/\/tarkettlatam.com\/blog\/5-tendencias-de-interiorismo-que-marcaran-el-2026\/"]}]},{"@type":"ImageObject","inLanguage":"es","@id":"https:\/\/tarkettlatam.com\/blog\/5-tendencias-de-interiorismo-que-marcaran-el-2026\/#primaryimage","url":"https:\/\/tarkettlatam.com\/blog\/wp-content\/uploads\/2026\/03\/ambientada_segmento-residencial_sala-de-estar_spc_tech_coleccion-ambienta-tech_24089530_Carvalho-Cinza_1744806594_large.jpg","contentUrl":"https:\/\/tarkettlatam.com\/blog\/wp-content\/uploads\/2026\/03\/ambientada_segmento-residencial_sala-de-estar_spc_tech_coleccion-ambienta-tech_24089530_Carvalho-Cinza_1744806594_large.jpg","width":933,"height":800},{"@type":"BreadcrumbList","@id":"https:\/\/tarkettlatam.com\/blog\/5-tendencias-de-interiorismo-que-marcaran-el-2026\/#breadcrumb","itemListElement":[{"@type":"ListItem","position":1,"name":"Home","item":"https:\/\/tarkettlatam.com\/blog\/"},{"@type":"ListItem","position":2,"name":"5 tendencias de interiorismo que marcar\u00e1n el 2026"}]},{"@type":"WebSite","@id":"https:\/\/tarkettlatam.com\/blog\/#website","url":"https:\/\/tarkettlatam.com\/blog\/","name":"Blog Tarkett","description":"Tarkett - L\u00edder mundial em pisos vin\u00edlicos","potentialAction":[{"@type":"SearchAction","target":{"@type":"EntryPoint","urlTemplate":"https:\/\/tarkettlatam.com\/blog\/?s={search_term_string}"},"query-input":{"@type":"PropertyValueSpecification","valueRequired":true,"valueName":"search_term_string"}}],"inLanguage":"es"},{"@type":"Person","@id":"https:\/\/tarkettlatam.com\/blog\/#\/schema\/person\/eee2be554c1f0ce3a965bec99d044e8a","name":"Admin","image":{"@type":"ImageObject","inLanguage":"es","@id":"https:\/\/tarkettlatam.com\/blog\/#\/schema\/person\/image\/","url":"https:\/\/secure.gravatar.com\/avatar\/778ce7efcadbdafda57cd10af7a749e7?s=96&d=mm&r=g","contentUrl":"https:\/\/secure.gravatar.com\/avatar\/778ce7efcadbdafda57cd10af7a749e7?s=96&d=mm&r=g","caption":"Admin"},"url":"https:\/\/tarkettlatam.com\/blog\/author\/admin\/"}]}},"_links":{"self":[{"href":"https:\/\/tarkettlatam.com\/blog\/wp-json\/wp\/v2\/posts\/3016","targetHints":{"allow":["GET"]}}],"collection":[{"href":"https:\/\/tarkettlatam.com\/blog\/wp-json\/wp\/v2\/posts"}],"about":[{"href":"https:\/\/tarkettlatam.com\/blog\/wp-json\/wp\/v2\/types\/post"}],"author":[{"embeddable":true,"href":"https:\/\/tarkettlatam.com\/blog\/wp-json\/wp\/v2\/users\/7"}],"replies":[{"embeddable":true,"href":"https:\/\/tarkettlatam.com\/blog\/wp-json\/wp\/v2\/comments?post=3016"}],"version-history":[{"count":11,"href":"https:\/\/tarkettlatam.com\/blog\/wp-json\/wp\/v2\/posts\/3016\/revisions"}],"predecessor-version":[{"id":3034,"href":"https:\/\/tarkettlatam.com\/blog\/wp-json\/wp\/v2\/posts\/3016\/revisions\/3034"}],"wp:featuredmedia":[{"embeddable":true,"href":"https:\/\/tarkettlatam.com\/blog\/wp-json\/wp\/v2\/media\/3029"}],"wp:attachment":[{"href":"https:\/\/tarkettlatam.com\/blog\/wp-json\/wp\/v2\/media?parent=3016"}],"wp:term":[{"taxonomy":"category","embeddable":true,"href":"https:\/\/tarkettlatam.com\/blog\/wp-json\/wp\/v2\/categories?post=3016"},{"taxonomy":"post_tag","embeddable":true,"href":"https:\/\/tarkettlatam.com\/blog\/wp-json\/wp\/v2\/tags?post=3016"}],"curies":[{"name":"wp","href":"https:\/\/api.w.org\/{rel}","templated":true}]}}