{"id":2852,"date":"2025-04-04T11:00:29","date_gmt":"2025-04-04T14:00:29","guid":{"rendered":"https:\/\/tarkettlatam.com\/blog\/?p=2852"},"modified":"2025-03-17T15:40:07","modified_gmt":"2025-03-17T18:40:07","slug":"instalacion-de-pisos-vinilicos-como-almacenar-los-materiales-correctamente","status":"publish","type":"post","link":"https:\/\/tarkettlatam.com\/blog\/instalacion-de-pisos-vinilicos-como-almacenar-los-materiales-correctamente\/","title":{"rendered":"Instalaci\u00f3n de pisos vin\u00edlicos: c\u00f3mo almacenar los materiales correctamente"},"content":{"rendered":"<p><span style=\"font-weight: 400;\">Cuando hablamos de pisos vin\u00edlicos de calidad, como los de <\/span><a href=\"https:\/\/tarkettlatam.com\/\"><b>Tarkett<\/b><\/a><span style=\"font-weight: 400;\">, es f\u00e1cil imaginar el resultado: espacios hermosos, acogedores y funcionales. Sin embargo, para lograr este objetivo, los cuidados deben comenzar incluso antes de la instalaci\u00f3n.<\/span><\/p>\n<p><span style=\"font-weight: 400;\">Un paso crucial, y a menudo subestimado, es el <\/span><b>almacenamiento <\/b><span style=\"font-weight: 400;\">adecuado del piso en la obra. Factores como el ambiente, la temperatura y el apilamiento incorrecto pueden afectar el rendimiento, la apariencia y la funcionalidad del piso.<\/span><\/p>\n<p><span style=\"font-weight: 400;\">Por eso, tanto el instalador profesional como el cliente final deben prestar atenci\u00f3n a estas buenas pr\u00e1cticas para garantizar que cada detalle del proceso se realice correctamente.<\/span><\/p>\n<p><span style=\"font-weight: 400;\">En este art\u00edculo del<\/span><a href=\"https:\/\/tarkettlatam.com\/blog\/\"><b> Blog de Tarkett<\/b><\/a><span style=\"font-weight: 400;\">, te ense\u00f1aremos de manera sencilla y pr\u00e1ctica los principales cuidados para almacenar correctamente nuestros pisos vin\u00edlicos, asegurando un resultado perfecto y sin sorpresas desagradables.<\/span><\/p>\n<figure id=\"attachment_2854\" aria-describedby=\"caption-attachment-2854\" style=\"width: 2560px\" class=\"wp-caption alignnone\"><img loading=\"lazy\" decoding=\"async\" class=\"size-full wp-image-2854\" src=\"https:\/\/tarkettlatam.com\/blog\/wp-content\/uploads\/2025\/03\/Linha-Essence-30-Piso-Vinilico-Cor-Sienito-Tarkett-alta-scaled-1.jpg\" alt=\"L\u00ednea Essence 30 -  Piso Vin\u00edlico Color Sienito\" width=\"2560\" height=\"1785\" srcset=\"https:\/\/tarkettlatam.com\/blog\/wp-content\/uploads\/2025\/03\/Linha-Essence-30-Piso-Vinilico-Cor-Sienito-Tarkett-alta-scaled-1.jpg 2560w, https:\/\/tarkettlatam.com\/blog\/wp-content\/uploads\/2025\/03\/Linha-Essence-30-Piso-Vinilico-Cor-Sienito-Tarkett-alta-scaled-1-300x209.jpg 300w, https:\/\/tarkettlatam.com\/blog\/wp-content\/uploads\/2025\/03\/Linha-Essence-30-Piso-Vinilico-Cor-Sienito-Tarkett-alta-scaled-1-1024x714.jpg 1024w, https:\/\/tarkettlatam.com\/blog\/wp-content\/uploads\/2025\/03\/Linha-Essence-30-Piso-Vinilico-Cor-Sienito-Tarkett-alta-scaled-1-768x536.jpg 768w, https:\/\/tarkettlatam.com\/blog\/wp-content\/uploads\/2025\/03\/Linha-Essence-30-Piso-Vinilico-Cor-Sienito-Tarkett-alta-scaled-1-1536x1071.jpg 1536w, https:\/\/tarkettlatam.com\/blog\/wp-content\/uploads\/2025\/03\/Linha-Essence-30-Piso-Vinilico-Cor-Sienito-Tarkett-alta-scaled-1-2048x1428.jpg 2048w, https:\/\/tarkettlatam.com\/blog\/wp-content\/uploads\/2025\/03\/Linha-Essence-30-Piso-Vinilico-Cor-Sienito-Tarkett-alta-scaled-1-370x258.jpg 370w, https:\/\/tarkettlatam.com\/blog\/wp-content\/uploads\/2025\/03\/Linha-Essence-30-Piso-Vinilico-Cor-Sienito-Tarkett-alta-scaled-1-760x530.jpg 760w\" sizes=\"auto, (max-width: 2560px) 100vw, 2560px\" \/><figcaption id=\"caption-attachment-2854\" class=\"wp-caption-text\">L\u00ednea Essence 30 &#8211; Piso Vin\u00edlico Color Sienito<\/figcaption><\/figure>\n<h2><span style=\"font-weight: 400;\">Primeros pasos<\/span><\/h2>\n<p><span style=\"font-weight: 400;\">Antes de comprar el piso, recomendamos contratar instaladores profesionales. Adem\u00e1s de realizar la instalaci\u00f3n, ellos pueden inspeccionar detalladamente el \u00e1rea donde se colocar\u00e1 el piso.<\/span><\/p>\n<p><b>Factores como la <\/b><a href=\"https:\/\/tarkettlatam.com\/blog\/piso-vinilico-y-humedad-como-evitar-problemas\/\"><b>humedad excesiva<\/b><\/a><b> pueden ser un problema y deben solucionarse antes de la instalaci\u00f3n. De lo contrario, el riesgo de tener que rehacer el trabajo es alto.<\/b><\/p>\n<p><span style=\"font-weight: 400;\">Una vez que el espacio y el sustrato est\u00e9n en condiciones ideales, es momento de comprar el piso y recibirlo en la obra. Es importante seguir de cerca todo el proceso, desde el almacenamiento hasta la instalaci\u00f3n final, para evitar inconvenientes y asegurar la calidad del resultado.<\/span><\/p>\n<figure id=\"attachment_2855\" aria-describedby=\"caption-attachment-2855\" style=\"width: 8256px\" class=\"wp-caption alignnone\"><img loading=\"lazy\" decoding=\"async\" class=\"size-full wp-image-2855\" src=\"https:\/\/tarkettlatam.com\/blog\/wp-content\/uploads\/2025\/03\/work__1564409370_8256x5504.jpg\" alt=\"L\u00ednea Injoy \u2013 Piso Vin\u00edlico Color Lavanda\" width=\"8256\" height=\"5504\" srcset=\"https:\/\/tarkettlatam.com\/blog\/wp-content\/uploads\/2025\/03\/work__1564409370_8256x5504.jpg 8256w, https:\/\/tarkettlatam.com\/blog\/wp-content\/uploads\/2025\/03\/work__1564409370_8256x5504-300x200.jpg 300w, https:\/\/tarkettlatam.com\/blog\/wp-content\/uploads\/2025\/03\/work__1564409370_8256x5504-1024x683.jpg 1024w, https:\/\/tarkettlatam.com\/blog\/wp-content\/uploads\/2025\/03\/work__1564409370_8256x5504-768x512.jpg 768w, https:\/\/tarkettlatam.com\/blog\/wp-content\/uploads\/2025\/03\/work__1564409370_8256x5504-1536x1024.jpg 1536w, https:\/\/tarkettlatam.com\/blog\/wp-content\/uploads\/2025\/03\/work__1564409370_8256x5504-370x247.jpg 370w, https:\/\/tarkettlatam.com\/blog\/wp-content\/uploads\/2025\/03\/work__1564409370_8256x5504-760x507.jpg 760w\" sizes=\"auto, (max-width: 8256px) 100vw, 8256px\" \/><figcaption id=\"caption-attachment-2855\" class=\"wp-caption-text\">L\u00ednea Injoy \u2013 Piso Vin\u00edlico Color Lavanda<\/figcaption><\/figure>\n<p>&nbsp;<\/p>\n<p><b>El instalador profesional debe revisar las etiquetas de las cajas o rollos del producto. Es fundamental verificar c\u00f3digos, colores, lotes, tonalidades y el n\u00famero secuencial de los paquetes.<\/b><span style=\"font-weight: 400;\"> Este cuidado garantiza una apariencia uniforme en el piso instalado.<\/span><\/p>\n<p><span style=\"font-weight: 400;\">Lo mismo se aplica a los complementos como adhesivos, imprimaciones y morteros. Tambi\u00e9n es esencial leer las etiquetas de los productos y verificar su fecha de caducidad.\u00a0<\/span><\/p>\n<p><span style=\"font-weight: 400;\">Si los adhesivos o imprimaciones han vencido, pueden comprometer la aplicaci\u00f3n y la durabilidad del piso.<\/span><\/p>\n<p><b>Otro punto clave es asegurarse de que todas las herramientas necesarias est\u00e9n disponibles y en buen estado.<\/b><span style=\"font-weight: 400;\"> Utilizar las herramientas adecuadas es fundamental para lograr el est\u00e1ndar de calidad Tarkett.<\/span><\/p>\n<figure id=\"attachment_2856\" aria-describedby=\"caption-attachment-2856\" style=\"width: 1024px\" class=\"wp-caption alignnone\"><img loading=\"lazy\" decoding=\"async\" class=\"size-full wp-image-2856\" src=\"https:\/\/tarkettlatam.com\/blog\/wp-content\/uploads\/2025\/03\/Linha-Ambienta-Colecao-Design-Piso-Vinilico-Cor-Acero-Tarkett-alta-1024x683-1.jpg\" alt=\"L\u00ednea Ambienta Design \u2013 Piso Vin\u00edlico Color Acero\" width=\"1024\" height=\"683\" srcset=\"https:\/\/tarkettlatam.com\/blog\/wp-content\/uploads\/2025\/03\/Linha-Ambienta-Colecao-Design-Piso-Vinilico-Cor-Acero-Tarkett-alta-1024x683-1.jpg 1024w, https:\/\/tarkettlatam.com\/blog\/wp-content\/uploads\/2025\/03\/Linha-Ambienta-Colecao-Design-Piso-Vinilico-Cor-Acero-Tarkett-alta-1024x683-1-300x200.jpg 300w, https:\/\/tarkettlatam.com\/blog\/wp-content\/uploads\/2025\/03\/Linha-Ambienta-Colecao-Design-Piso-Vinilico-Cor-Acero-Tarkett-alta-1024x683-1-768x512.jpg 768w, https:\/\/tarkettlatam.com\/blog\/wp-content\/uploads\/2025\/03\/Linha-Ambienta-Colecao-Design-Piso-Vinilico-Cor-Acero-Tarkett-alta-1024x683-1-370x247.jpg 370w, https:\/\/tarkettlatam.com\/blog\/wp-content\/uploads\/2025\/03\/Linha-Ambienta-Colecao-Design-Piso-Vinilico-Cor-Acero-Tarkett-alta-1024x683-1-760x507.jpg 760w\" sizes=\"auto, (max-width: 1024px) 100vw, 1024px\" \/><figcaption id=\"caption-attachment-2856\" class=\"wp-caption-text\">L\u00ednea Ambienta Design \u2013 Piso Vin\u00edlico Color Acero<\/figcaption><\/figure>\n<h2><span style=\"font-weight: 400;\">\u00bfC\u00f3mo almacenar y conservar el piso antes y durante la instalaci\u00f3n?<\/span><\/h2>\n<p><span style=\"font-weight: 400;\">Ahora que ya conocemos las condiciones del sitio y los detalles del material recibido, es momento de asegurarnos de que los pisos y complementos se almacenen y manipulen correctamente.<\/span><\/p>\n<p><b>Para los pisos en rollo, es importante almacenarlos en posici\u00f3n vertical y desenrollarlos 24 horas antes de la instalaci\u00f3n para que las marcas se asienten.<\/b><\/p>\n<p><b>En el caso de los pisos modulares, deben mantenerse en posici\u00f3n horizontal, sobre superficies planas, y siempre respetar la secuencia de lotes y cajas para garantizar la uniformidad en el resultado final.<\/b><\/p>\n<p><span style=\"font-weight: 400;\">Tambi\u00e9n es fundamental seguir las instrucciones de apilamiento m\u00e1ximo indicadas en el empaque, ya que el sobrepeso puede da\u00f1ar los productos.<\/span><\/p>\n<figure id=\"attachment_2844\" aria-describedby=\"caption-attachment-2844\" style=\"width: 2560px\" class=\"wp-caption alignnone\"><img loading=\"lazy\" decoding=\"async\" class=\"size-full wp-image-2844\" src=\"https:\/\/tarkettlatam.com\/blog\/wp-content\/uploads\/2025\/02\/ambientada_residencial_quarto-residencial_LVT_colecao-series_0_9343607_gergelim_1619018332_3000x2000-scaled.jpg\" alt=\"Piso vin\u00edlico L\u00ednea Ambienta Series\" width=\"2560\" height=\"1707\" srcset=\"https:\/\/tarkettlatam.com\/blog\/wp-content\/uploads\/2025\/02\/ambientada_residencial_quarto-residencial_LVT_colecao-series_0_9343607_gergelim_1619018332_3000x2000-scaled.jpg 2560w, https:\/\/tarkettlatam.com\/blog\/wp-content\/uploads\/2025\/02\/ambientada_residencial_quarto-residencial_LVT_colecao-series_0_9343607_gergelim_1619018332_3000x2000-300x200.jpg 300w, https:\/\/tarkettlatam.com\/blog\/wp-content\/uploads\/2025\/02\/ambientada_residencial_quarto-residencial_LVT_colecao-series_0_9343607_gergelim_1619018332_3000x2000-1024x683.jpg 1024w, https:\/\/tarkettlatam.com\/blog\/wp-content\/uploads\/2025\/02\/ambientada_residencial_quarto-residencial_LVT_colecao-series_0_9343607_gergelim_1619018332_3000x2000-768x512.jpg 768w, https:\/\/tarkettlatam.com\/blog\/wp-content\/uploads\/2025\/02\/ambientada_residencial_quarto-residencial_LVT_colecao-series_0_9343607_gergelim_1619018332_3000x2000-1536x1024.jpg 1536w, https:\/\/tarkettlatam.com\/blog\/wp-content\/uploads\/2025\/02\/ambientada_residencial_quarto-residencial_LVT_colecao-series_0_9343607_gergelim_1619018332_3000x2000-2048x1365.jpg 2048w, https:\/\/tarkettlatam.com\/blog\/wp-content\/uploads\/2025\/02\/ambientada_residencial_quarto-residencial_LVT_colecao-series_0_9343607_gergelim_1619018332_3000x2000-370x247.jpg 370w, https:\/\/tarkettlatam.com\/blog\/wp-content\/uploads\/2025\/02\/ambientada_residencial_quarto-residencial_LVT_colecao-series_0_9343607_gergelim_1619018332_3000x2000-760x507.jpg 760w\" sizes=\"auto, (max-width: 2560px) 100vw, 2560px\" \/><figcaption id=\"caption-attachment-2844\" class=\"wp-caption-text\">Piso vin\u00edlico L\u00ednea Ambienta Series<\/figcaption><\/figure>\n<p>&nbsp;<\/p>\n<p><span style=\"font-weight: 400;\">El almacenamiento de todos los formatos de pisos vin\u00edlicos debe realizarse en un lugar cerrado, ventilado y con temperatura constante entre 15\u00b0C y 27\u00b0C.<\/span><\/p>\n<p><span style=\"font-weight: 400;\">Adem\u00e1s, los productos deben aclimatarse en el ambiente de instalaci\u00f3n durante al menos 24 horas antes de comenzar el trabajo. Esto ayuda a evitar deformaciones o problemas causados por cambios bruscos de temperatura.<\/span><\/p>\n<p><span style=\"font-weight: 400;\">Durante esta etapa, revisa el material recibido en busca de posibles defectos o da\u00f1os en el transporte. Si encuentras alg\u00fan problema, contacta con el <\/span><a href=\"https:\/\/tarkettlatam.com\/asistenciatecnica\"><b>departamento t\u00e9cnico de Tarkett <\/b><\/a><span style=\"font-weight: 400;\">antes de proceder con la instalaci\u00f3n.<\/span><\/p>\n<p><span style=\"font-weight: 400;\">Por \u00faltimo, sigue siempre las instrucciones de las etiquetas y manuales para garantizar la manipulaci\u00f3n correcta y la seguridad en la obra. \u00a1Estos cuidados marcan la diferencia en el \u00e9xito del proyecto!<\/span><\/p>\n<figure id=\"attachment_1875\" aria-describedby=\"caption-attachment-1875\" style=\"width: 497px\" class=\"wp-caption alignnone\"><img loading=\"lazy\" decoding=\"async\" class=\"wp-image-1875 size-full\" src=\"https:\/\/tarkettlatam.com\/blog\/wp-content\/uploads\/2022\/08\/3.png\" alt=\"pisos de madera\" width=\"497\" height=\"329\" srcset=\"https:\/\/tarkettlatam.com\/blog\/wp-content\/uploads\/2022\/08\/3.png 497w, https:\/\/tarkettlatam.com\/blog\/wp-content\/uploads\/2022\/08\/3-300x199.png 300w, https:\/\/tarkettlatam.com\/blog\/wp-content\/uploads\/2022\/08\/3-370x245.png 370w\" sizes=\"auto, (max-width: 497px) 100vw, 497px\" \/><figcaption id=\"caption-attachment-1875\" class=\"wp-caption-text\">L\u00ednea Ambienta Series \u2013 Piso Vin\u00edlico Color Algod\u00e3o<\/figcaption><\/figure>\n<p>&nbsp;<\/p>\n<p><span style=\"font-weight: 400;\">\u00bfTe gust\u00f3 conocer las mejores pr\u00e1cticas para la instalaci\u00f3n y cuidado de pisos vin\u00edlicos?<\/span><b>\u00a0<\/b><\/p>\n<p><span style=\"font-weight: 400;\">Tarkett tiene todo lo que necesitas para transformar tus espacios con calidad, innovaci\u00f3n y sostenibilidad.\u00a0<\/span><\/p>\n<p><a href=\"https:\/\/tarkettlatam.com\/\"><span style=\"font-weight: 400;\">Haz clic aqu\u00ed<\/span><\/a><span style=\"font-weight: 400;\"> y descubre nuestras soluciones completas para cada ambiente.<\/span><\/p>\n","protected":false},"excerpt":{"rendered":"<p>Cuando hablamos de pisos vin\u00edlicos de calidad, como los de Tarkett, es f\u00e1cil imaginar el resultado: espacios hermosos, acogedores y funcionales. Sin embargo, para lograr este objetivo, los cuidados deben&hellip;<\/p>\n","protected":false},"author":7,"featured_media":2853,"comment_status":"open","ping_status":"open","sticky":false,"template":"","format":"standard","meta":{"footnotes":""},"categories":[42],"tags":[],"class_list":["post-2852","post","type-post","status-publish","format-standard","has-post-thumbnail","hentry","category-instalacion"],"yoast_head":"<!-- This site is optimized with the Yoast SEO plugin v25.2 - https:\/\/yoast.com\/wordpress\/plugins\/seo\/ -->\n<title>Instalaci\u00f3n de pisos vin\u00edlicos: c\u00f3mo almacenar los materiales correctamente - Blog Tarkett<\/title>\n<meta name=\"description\" content=\"Cuando hablamos de pisos vin\u00edlicos de calidad, como los de Tarkett, los cuidados deben comenzar incluso antes de la instalaci\u00f3n.\" \/>\n<meta name=\"robots\" content=\"index, follow, max-snippet:-1, max-image-preview:large, max-video-preview:-1\" \/>\n<link rel=\"canonical\" href=\"https:\/\/tarkettlatam.com\/blog\/instalacion-de-pisos-vinilicos-como-almacenar-los-materiales-correctamente\/\" \/>\n<meta property=\"og:locale\" content=\"es_ES\" \/>\n<meta property=\"og:type\" content=\"article\" \/>\n<meta property=\"og:title\" content=\"Instalaci\u00f3n de pisos vin\u00edlicos: c\u00f3mo almacenar los materiales correctamente - Blog Tarkett\" \/>\n<meta property=\"og:description\" content=\"Cuando hablamos de pisos vin\u00edlicos de calidad, como los de Tarkett, los cuidados deben comenzar incluso antes de la instalaci\u00f3n.\" \/>\n<meta property=\"og:url\" content=\"https:\/\/tarkettlatam.com\/blog\/instalacion-de-pisos-vinilicos-como-almacenar-los-materiales-correctamente\/\" \/>\n<meta property=\"og:site_name\" content=\"Blog Tarkett\" \/>\n<meta property=\"article:published_time\" content=\"2025-04-04T14:00:29+00:00\" \/>\n<meta property=\"og:image\" content=\"https:\/\/tarkettlatam.com\/blog\/wp-content\/uploads\/2025\/03\/IN_Essential_agedcare_26500051_26500122_25188232_25196232_1411049_004.jpg\" \/>\n\t<meta property=\"og:image:width\" content=\"1500\" \/>\n\t<meta property=\"og:image:height\" content=\"844\" \/>\n\t<meta property=\"og:image:type\" content=\"image\/jpeg\" \/>\n<meta name=\"author\" content=\"Admin\" \/>\n<meta name=\"twitter:card\" content=\"summary_large_image\" \/>\n<meta name=\"twitter:label1\" content=\"Escrito por\" \/>\n\t<meta name=\"twitter:data1\" content=\"Admin\" \/>\n\t<meta name=\"twitter:label2\" content=\"Tiempo de lectura\" \/>\n\t<meta name=\"twitter:data2\" content=\"5 minutos\" \/>\n<script type=\"application\/ld+json\" class=\"yoast-schema-graph\">{\"@context\":\"https:\/\/schema.org\",\"@graph\":[{\"@type\":\"WebPage\",\"@id\":\"https:\/\/tarkettlatam.com\/blog\/instalacion-de-pisos-vinilicos-como-almacenar-los-materiales-correctamente\/\",\"url\":\"https:\/\/tarkettlatam.com\/blog\/instalacion-de-pisos-vinilicos-como-almacenar-los-materiales-correctamente\/\",\"name\":\"Instalaci\u00f3n de pisos vin\u00edlicos: c\u00f3mo almacenar los materiales correctamente - Blog Tarkett\",\"isPartOf\":{\"@id\":\"https:\/\/tarkettlatam.com\/blog\/#website\"},\"primaryImageOfPage\":{\"@id\":\"https:\/\/tarkettlatam.com\/blog\/instalacion-de-pisos-vinilicos-como-almacenar-los-materiales-correctamente\/#primaryimage\"},\"image\":{\"@id\":\"https:\/\/tarkettlatam.com\/blog\/instalacion-de-pisos-vinilicos-como-almacenar-los-materiales-correctamente\/#primaryimage\"},\"thumbnailUrl\":\"https:\/\/tarkettlatam.com\/blog\/wp-content\/uploads\/2025\/03\/IN_Essential_agedcare_26500051_26500122_25188232_25196232_1411049_004.jpg\",\"datePublished\":\"2025-04-04T14:00:29+00:00\",\"author\":{\"@id\":\"https:\/\/tarkettlatam.com\/blog\/#\/schema\/person\/eee2be554c1f0ce3a965bec99d044e8a\"},\"description\":\"Cuando hablamos de pisos vin\u00edlicos de calidad, como los de Tarkett, los cuidados deben comenzar incluso antes de la instalaci\u00f3n.\",\"breadcrumb\":{\"@id\":\"https:\/\/tarkettlatam.com\/blog\/instalacion-de-pisos-vinilicos-como-almacenar-los-materiales-correctamente\/#breadcrumb\"},\"inLanguage\":\"es\",\"potentialAction\":[{\"@type\":\"ReadAction\",\"target\":[\"https:\/\/tarkettlatam.com\/blog\/instalacion-de-pisos-vinilicos-como-almacenar-los-materiales-correctamente\/\"]}]},{\"@type\":\"ImageObject\",\"inLanguage\":\"es\",\"@id\":\"https:\/\/tarkettlatam.com\/blog\/instalacion-de-pisos-vinilicos-como-almacenar-los-materiales-correctamente\/#primaryimage\",\"url\":\"https:\/\/tarkettlatam.com\/blog\/wp-content\/uploads\/2025\/03\/IN_Essential_agedcare_26500051_26500122_25188232_25196232_1411049_004.jpg\",\"contentUrl\":\"https:\/\/tarkettlatam.com\/blog\/wp-content\/uploads\/2025\/03\/IN_Essential_agedcare_26500051_26500122_25188232_25196232_1411049_004.jpg\",\"width\":1500,\"height\":844,\"caption\":\"26500051|26500122|25188232|25196232|1411049\"},{\"@type\":\"BreadcrumbList\",\"@id\":\"https:\/\/tarkettlatam.com\/blog\/instalacion-de-pisos-vinilicos-como-almacenar-los-materiales-correctamente\/#breadcrumb\",\"itemListElement\":[{\"@type\":\"ListItem\",\"position\":1,\"name\":\"Home\",\"item\":\"https:\/\/tarkettlatam.com\/blog\/\"},{\"@type\":\"ListItem\",\"position\":2,\"name\":\"Instalaci\u00f3n de pisos vin\u00edlicos: c\u00f3mo almacenar los materiales correctamente\"}]},{\"@type\":\"WebSite\",\"@id\":\"https:\/\/tarkettlatam.com\/blog\/#website\",\"url\":\"https:\/\/tarkettlatam.com\/blog\/\",\"name\":\"Blog Tarkett\",\"description\":\"Tarkett - L\u00edder mundial em pisos vin\u00edlicos\",\"potentialAction\":[{\"@type\":\"SearchAction\",\"target\":{\"@type\":\"EntryPoint\",\"urlTemplate\":\"https:\/\/tarkettlatam.com\/blog\/?s={search_term_string}\"},\"query-input\":{\"@type\":\"PropertyValueSpecification\",\"valueRequired\":true,\"valueName\":\"search_term_string\"}}],\"inLanguage\":\"es\"},{\"@type\":\"Person\",\"@id\":\"https:\/\/tarkettlatam.com\/blog\/#\/schema\/person\/eee2be554c1f0ce3a965bec99d044e8a\",\"name\":\"Admin\",\"image\":{\"@type\":\"ImageObject\",\"inLanguage\":\"es\",\"@id\":\"https:\/\/tarkettlatam.com\/blog\/#\/schema\/person\/image\/\",\"url\":\"https:\/\/secure.gravatar.com\/avatar\/778ce7efcadbdafda57cd10af7a749e7?s=96&d=mm&r=g\",\"contentUrl\":\"https:\/\/secure.gravatar.com\/avatar\/778ce7efcadbdafda57cd10af7a749e7?s=96&d=mm&r=g\",\"caption\":\"Admin\"},\"url\":\"https:\/\/tarkettlatam.com\/blog\/author\/admin\/\"}]}<\/script>\n<!-- \/ Yoast SEO plugin. -->","yoast_head_json":{"title":"Instalaci\u00f3n de pisos vin\u00edlicos: c\u00f3mo almacenar los materiales correctamente - Blog Tarkett","description":"Cuando hablamos de pisos vin\u00edlicos de calidad, como los de Tarkett, los cuidados deben comenzar incluso antes de la instalaci\u00f3n.","robots":{"index":"index","follow":"follow","max-snippet":"max-snippet:-1","max-image-preview":"max-image-preview:large","max-video-preview":"max-video-preview:-1"},"canonical":"https:\/\/tarkettlatam.com\/blog\/instalacion-de-pisos-vinilicos-como-almacenar-los-materiales-correctamente\/","og_locale":"es_ES","og_type":"article","og_title":"Instalaci\u00f3n de pisos vin\u00edlicos: c\u00f3mo almacenar los materiales correctamente - Blog Tarkett","og_description":"Cuando hablamos de pisos vin\u00edlicos de calidad, como los de Tarkett, los cuidados deben comenzar incluso antes de la instalaci\u00f3n.","og_url":"https:\/\/tarkettlatam.com\/blog\/instalacion-de-pisos-vinilicos-como-almacenar-los-materiales-correctamente\/","og_site_name":"Blog Tarkett","article_published_time":"2025-04-04T14:00:29+00:00","og_image":[{"width":1500,"height":844,"url":"https:\/\/tarkettlatam.com\/blog\/wp-content\/uploads\/2025\/03\/IN_Essential_agedcare_26500051_26500122_25188232_25196232_1411049_004.jpg","type":"image\/jpeg"}],"author":"Admin","twitter_card":"summary_large_image","twitter_misc":{"Escrito por":"Admin","Tiempo de lectura":"5 minutos"},"schema":{"@context":"https:\/\/schema.org","@graph":[{"@type":"WebPage","@id":"https:\/\/tarkettlatam.com\/blog\/instalacion-de-pisos-vinilicos-como-almacenar-los-materiales-correctamente\/","url":"https:\/\/tarkettlatam.com\/blog\/instalacion-de-pisos-vinilicos-como-almacenar-los-materiales-correctamente\/","name":"Instalaci\u00f3n de pisos vin\u00edlicos: c\u00f3mo almacenar los materiales correctamente - Blog Tarkett","isPartOf":{"@id":"https:\/\/tarkettlatam.com\/blog\/#website"},"primaryImageOfPage":{"@id":"https:\/\/tarkettlatam.com\/blog\/instalacion-de-pisos-vinilicos-como-almacenar-los-materiales-correctamente\/#primaryimage"},"image":{"@id":"https:\/\/tarkettlatam.com\/blog\/instalacion-de-pisos-vinilicos-como-almacenar-los-materiales-correctamente\/#primaryimage"},"thumbnailUrl":"https:\/\/tarkettlatam.com\/blog\/wp-content\/uploads\/2025\/03\/IN_Essential_agedcare_26500051_26500122_25188232_25196232_1411049_004.jpg","datePublished":"2025-04-04T14:00:29+00:00","author":{"@id":"https:\/\/tarkettlatam.com\/blog\/#\/schema\/person\/eee2be554c1f0ce3a965bec99d044e8a"},"description":"Cuando hablamos de pisos vin\u00edlicos de calidad, como los de Tarkett, los cuidados deben comenzar incluso antes de la instalaci\u00f3n.","breadcrumb":{"@id":"https:\/\/tarkettlatam.com\/blog\/instalacion-de-pisos-vinilicos-como-almacenar-los-materiales-correctamente\/#breadcrumb"},"inLanguage":"es","potentialAction":[{"@type":"ReadAction","target":["https:\/\/tarkettlatam.com\/blog\/instalacion-de-pisos-vinilicos-como-almacenar-los-materiales-correctamente\/"]}]},{"@type":"ImageObject","inLanguage":"es","@id":"https:\/\/tarkettlatam.com\/blog\/instalacion-de-pisos-vinilicos-como-almacenar-los-materiales-correctamente\/#primaryimage","url":"https:\/\/tarkettlatam.com\/blog\/wp-content\/uploads\/2025\/03\/IN_Essential_agedcare_26500051_26500122_25188232_25196232_1411049_004.jpg","contentUrl":"https:\/\/tarkettlatam.com\/blog\/wp-content\/uploads\/2025\/03\/IN_Essential_agedcare_26500051_26500122_25188232_25196232_1411049_004.jpg","width":1500,"height":844,"caption":"26500051|26500122|25188232|25196232|1411049"},{"@type":"BreadcrumbList","@id":"https:\/\/tarkettlatam.com\/blog\/instalacion-de-pisos-vinilicos-como-almacenar-los-materiales-correctamente\/#breadcrumb","itemListElement":[{"@type":"ListItem","position":1,"name":"Home","item":"https:\/\/tarkettlatam.com\/blog\/"},{"@type":"ListItem","position":2,"name":"Instalaci\u00f3n de pisos vin\u00edlicos: c\u00f3mo almacenar los materiales correctamente"}]},{"@type":"WebSite","@id":"https:\/\/tarkettlatam.com\/blog\/#website","url":"https:\/\/tarkettlatam.com\/blog\/","name":"Blog Tarkett","description":"Tarkett - L\u00edder mundial em pisos vin\u00edlicos","potentialAction":[{"@type":"SearchAction","target":{"@type":"EntryPoint","urlTemplate":"https:\/\/tarkettlatam.com\/blog\/?s={search_term_string}"},"query-input":{"@type":"PropertyValueSpecification","valueRequired":true,"valueName":"search_term_string"}}],"inLanguage":"es"},{"@type":"Person","@id":"https:\/\/tarkettlatam.com\/blog\/#\/schema\/person\/eee2be554c1f0ce3a965bec99d044e8a","name":"Admin","image":{"@type":"ImageObject","inLanguage":"es","@id":"https:\/\/tarkettlatam.com\/blog\/#\/schema\/person\/image\/","url":"https:\/\/secure.gravatar.com\/avatar\/778ce7efcadbdafda57cd10af7a749e7?s=96&d=mm&r=g","contentUrl":"https:\/\/secure.gravatar.com\/avatar\/778ce7efcadbdafda57cd10af7a749e7?s=96&d=mm&r=g","caption":"Admin"},"url":"https:\/\/tarkettlatam.com\/blog\/author\/admin\/"}]}},"_links":{"self":[{"href":"https:\/\/tarkettlatam.com\/blog\/wp-json\/wp\/v2\/posts\/2852","targetHints":{"allow":["GET"]}}],"collection":[{"href":"https:\/\/tarkettlatam.com\/blog\/wp-json\/wp\/v2\/posts"}],"about":[{"href":"https:\/\/tarkettlatam.com\/blog\/wp-json\/wp\/v2\/types\/post"}],"author":[{"embeddable":true,"href":"https:\/\/tarkettlatam.com\/blog\/wp-json\/wp\/v2\/users\/7"}],"replies":[{"embeddable":true,"href":"https:\/\/tarkettlatam.com\/blog\/wp-json\/wp\/v2\/comments?post=2852"}],"version-history":[{"count":2,"href":"https:\/\/tarkettlatam.com\/blog\/wp-json\/wp\/v2\/posts\/2852\/revisions"}],"predecessor-version":[{"id":2858,"href":"https:\/\/tarkettlatam.com\/blog\/wp-json\/wp\/v2\/posts\/2852\/revisions\/2858"}],"wp:featuredmedia":[{"embeddable":true,"href":"https:\/\/tarkettlatam.com\/blog\/wp-json\/wp\/v2\/media\/2853"}],"wp:attachment":[{"href":"https:\/\/tarkettlatam.com\/blog\/wp-json\/wp\/v2\/media?parent=2852"}],"wp:term":[{"taxonomy":"category","embeddable":true,"href":"https:\/\/tarkettlatam.com\/blog\/wp-json\/wp\/v2\/categories?post=2852"},{"taxonomy":"post_tag","embeddable":true,"href":"https:\/\/tarkettlatam.com\/blog\/wp-json\/wp\/v2\/tags?post=2852"}],"curies":[{"name":"wp","href":"https:\/\/api.w.org\/{rel}","templated":true}]}}