{"id":1871,"date":"2022-08-30T23:07:08","date_gmt":"2022-08-31T02:07:08","guid":{"rendered":"https:\/\/tarkettlatam.com\/blog\/?p=1871"},"modified":"2024-07-29T13:45:06","modified_gmt":"2024-07-29T16:45:06","slug":"pisos-de-madera","status":"publish","type":"post","link":"https:\/\/tarkettlatam.com\/blog\/pisos-de-madera\/","title":{"rendered":"5 ideas de decoraci\u00f3n con pisos de madera"},"content":{"rendered":"<p>La est\u00e9tica de los pisos de madera es muy valorizada en proyectos de arquitectura y dise\u00f1o de interiores por ser capaz de \u2018calentar\u2019 los ambientes, agregando sofisticaci\u00f3n y la tan deseada sensaci\u00f3n de acogimiento en las habitaciones donde son instalados.<\/p>\n<p>Entre las opciones disponibles en el mercado, el piso vin\u00edlico de madera se est\u00e1 consolidando en los diferentes tipos de revestimiento como una alternativa m\u00e1s viable con relaci\u00f3n a la madera natural, reproduciendo en alta definici\u00f3n los matices, incluso nodos y venas, as\u00ed como la textura del material original.<\/p>\n<p>Sin embargo, al decorar con pisos de madera, es posible ir m\u00e1s all\u00e1 de lo convencional y crear un proyecto lleno de personalidad. Con una gran variedad de est\u00e1ndares disponibles e instalaci\u00f3n r\u00e1pida, <a href=\"https:\/\/tarkettlatam.com\/\"><strong>Tarkett<\/strong><\/a> posee una cartilla variada de vin\u00edlicos de madera, que pueden ser utilizados de diferentes maneras en la decoraci\u00f3n.<\/p>\n<p>En este art\u00edculo del <a href=\"https:\/\/tarkettlatam.com\/blog\/\"><strong>Blog de Tarkett<\/strong><\/a>, seleccionamos cinco ideas de decoraci\u00f3n con pisos vin\u00edlicos de madera para inspirarte en tu proyecto. \u00a1Ven a descubrir!<\/p>\n<figure id=\"attachment_1874\" aria-describedby=\"caption-attachment-1874\" style=\"width: 473px\" class=\"wp-caption aligncenter\"><img loading=\"lazy\" decoding=\"async\" class=\"wp-image-1874 size-full\" src=\"https:\/\/tarkettlatam.com\/blog\/wp-content\/uploads\/2022\/08\/2.png\" alt=\"pisos de madera\" width=\"473\" height=\"312\" srcset=\"https:\/\/tarkettlatam.com\/blog\/wp-content\/uploads\/2022\/08\/2.png 473w, https:\/\/tarkettlatam.com\/blog\/wp-content\/uploads\/2022\/08\/2-300x198.png 300w, https:\/\/tarkettlatam.com\/blog\/wp-content\/uploads\/2022\/08\/2-370x244.png 370w\" sizes=\"auto, (max-width: 473px) 100vw, 473px\" \/><figcaption id=\"caption-attachment-1874\" class=\"wp-caption-text\"><em>\u00a0 \u00a0 \u00a0 \u00a0 \u00a0 \u00a0 \u00a0 \u00a0 Piso Vin\u00edlico Color Acacia \u2013 L\u00ednea Click Colecci\u00f3n Essence \u2013 Tarkett<\/em><\/figcaption><\/figure>\n<h2><strong>1. Explora los contrastes entre tonos claros y oscuros<\/strong><\/h2>\n<p>Para definir la tonalidad de madera ideal para el piso de tu proyecto es necesario tener en mente la paleta de colores y el tipo de acabado del mobiliario que utilizar\u00e1s en la decoraci\u00f3n.<\/p>\n<p>Sin embargo, un truco simple para combinar la tonalidad de madera de la decoraci\u00f3n es fijarse en el contraste entre muebles y piso. Por ejemplo, si optas por un piso de madera de tono claro, apuesta en muebles m\u00e1s oscuros.<\/p>\n<p>Ya si optas por una tonalidad m\u00e1s oscura para el revestimiento, el consejo es escoger piezas m\u00e1s claras o incluso en colores m\u00e1s vivos para los otros acabados<\/p>\n<figure id=\"attachment_1875\" aria-describedby=\"caption-attachment-1875\" style=\"width: 497px\" class=\"wp-caption aligncenter\"><img loading=\"lazy\" decoding=\"async\" class=\"wp-image-1875 size-full\" src=\"https:\/\/tarkettlatam.com\/blog\/wp-content\/uploads\/2022\/08\/3.png\" alt=\"pisos de madera\" width=\"497\" height=\"329\" srcset=\"https:\/\/tarkettlatam.com\/blog\/wp-content\/uploads\/2022\/08\/3.png 497w, https:\/\/tarkettlatam.com\/blog\/wp-content\/uploads\/2022\/08\/3-300x199.png 300w, https:\/\/tarkettlatam.com\/blog\/wp-content\/uploads\/2022\/08\/3-370x245.png 370w\" sizes=\"auto, (max-width: 497px) 100vw, 497px\" \/><figcaption id=\"caption-attachment-1875\" class=\"wp-caption-text\"><em>\u00a0 \u00a0 \u00a0 \u00a0 \u00a0 \u00a0 \u00a0 \u00a0 \u00a0 \u00a0Piso vin\u00edlico Color Algod\u00f3n \u2013 L\u00ednea Ambienta Colecci\u00f3n Series \u2013 Tarkett<\/em><\/figcaption><\/figure>\n<h2><strong>2. Crea la sensaci\u00f3n de amplitud con tonos de madera claros<\/strong><\/h2>\n<p>Una realidad cada vez m\u00e1s com\u00fan en inmuebles brasile\u00f1os es contar con espacios reducidos. En estos casos, los tonos claros pueden ser excelentes opciones, ya que provocan el efecto de amplitud y potencian la iluminaci\u00f3n, principalmente en el caso de una cocina o sala de estar con baja incidencia de luz natural.<\/p>\n<p>Sabemos, tambi\u00e9n, que a algunas personas no les gustan los pisos claros porque se dejaron llevar por el mito de que estos pisos se ensucian m\u00e1s. No obstante, si limpias frecuentemente el piso y de la manera correcta, no hay nada que temer. Y en el caso del vin\u00edlico, \u00a1es mucho m\u00e1s f\u00e1cil!<\/p>\n<p><strong><em>Mira tambi\u00e9n: <\/em><\/strong><a href=\"https:\/\/tarkettlatam.com\/blog\/3-errores-que-las-personas-cometen-al-limpiar-los-vinilicos\/\"><strong><em>3 errores comunes a la hora de limpiar el piso vin\u00edlico<\/em><\/strong><\/a><\/p>\n<figure id=\"attachment_1876\" aria-describedby=\"caption-attachment-1876\" style=\"width: 455px\" class=\"wp-caption aligncenter\"><img loading=\"lazy\" decoding=\"async\" class=\"wp-image-1876 size-full\" src=\"https:\/\/tarkettlatam.com\/blog\/wp-content\/uploads\/2022\/08\/4.png\" alt=\"pisos de madera\" width=\"455\" height=\"299\" srcset=\"https:\/\/tarkettlatam.com\/blog\/wp-content\/uploads\/2022\/08\/4.png 455w, https:\/\/tarkettlatam.com\/blog\/wp-content\/uploads\/2022\/08\/4-300x197.png 300w, https:\/\/tarkettlatam.com\/blog\/wp-content\/uploads\/2022\/08\/4-370x243.png 370w\" sizes=\"auto, (max-width: 455px) 100vw, 455px\" \/><figcaption id=\"caption-attachment-1876\" class=\"wp-caption-text\"><em>\u00a0 \u00a0 \u00a0 \u00a0 \u00a0 \u00a0 \u00a0 \u00a0 \u00a0 \u00a0 \u00a0 \u00a0 Piso Vin\u00edlico Color Begonia \u2013 L\u00ednea Essence 30 \u2013 Tarkett<\/em><\/figcaption><\/figure>\n<h2><strong>3. Desarrolle dise\u00f1os creativos<\/strong><\/h2>\n<p>Adem\u00e1s de las diferentes combinaciones entre piso y mobiliario, con los pisos vin\u00edlicos de madera es posible crear dise\u00f1os exclusivos y muy creativos a partir de la instalaci\u00f3n, ya que la mayor parte de las piezas de este tipo son listones.<\/p>\n<p>Una excelente apuesta de dise\u00f1o es realizar la instalaci\u00f3n de listones intercalados en \u00e1ngulo diagonal al ambiente. Esta t\u00e9cnica de dise\u00f1o es conocida como \u2018Espina de Pescado\u2019, pero tambi\u00e9n escuchar\u00e1s hablar de ella como Chevron.<\/p>\n<p>Adem\u00e1s de esto, puedes jugar con las tonalidades entre tablas para crear diferentes efectos (de contraste o incluso algo similar al degrad\u00e9) en la paginaci\u00f3n de su piso.<\/p>\n<figure id=\"attachment_1877\" aria-describedby=\"caption-attachment-1877\" style=\"width: 482px\" class=\"wp-caption aligncenter\"><img loading=\"lazy\" decoding=\"async\" class=\"wp-image-1877 size-full\" src=\"https:\/\/tarkettlatam.com\/blog\/wp-content\/uploads\/2022\/08\/5.png\" alt=\"pisos de madera\" width=\"482\" height=\"321\" srcset=\"https:\/\/tarkettlatam.com\/blog\/wp-content\/uploads\/2022\/08\/5.png 482w, https:\/\/tarkettlatam.com\/blog\/wp-content\/uploads\/2022\/08\/5-300x200.png 300w, https:\/\/tarkettlatam.com\/blog\/wp-content\/uploads\/2022\/08\/5-370x246.png 370w\" sizes=\"auto, (max-width: 482px) 100vw, 482px\" \/><figcaption id=\"caption-attachment-1877\" class=\"wp-caption-text\"><em>\u00a0 \u00a0Vin\u00edlico de madera es una buena opci\u00f3n para revestir paredes y crear paneles de TV<\/em><\/figcaption><\/figure>\n<h2><strong>4. Del piso al techo<\/strong><\/h2>\n<p>Que los vin\u00edlicos de madera son la mejor opci\u00f3n para el piso ya lo sabes. \u00bfPero por qu\u00e9 restringir su aplicaci\u00f3n al suelo? Ellos tambi\u00e9n son una excelente soluci\u00f3n para revestir las paredes e incluso el techo.<\/p>\n<p>En la pared, puedes aprovechar la modularidad y la ligereza de los listones pegados para crear paneles de TV, destacar toda la pared o utilizarlas para dividir la pared al medio, tal como un torneado y los z\u00f3calos.<\/p>\n<p>Ya en el techo, puedes desarrollar un dise\u00f1o que inicia del piso, pasando por la pared y terminando en el techo, resaltando el ambiente. Otra posibilidad es dar la sensaci\u00f3n de rebajamiento del techo utilizando tonalidades de vin\u00edlicos de madera m\u00e1s oscuras, lo que puede ser una gran idea en situaciones con altura excesiva.<\/p>\n<figure id=\"attachment_1878\" aria-describedby=\"caption-attachment-1878\" style=\"width: 468px\" class=\"wp-caption aligncenter\"><img loading=\"lazy\" decoding=\"async\" class=\"wp-image-1878 size-full\" src=\"https:\/\/tarkettlatam.com\/blog\/wp-content\/uploads\/2022\/08\/6.png\" alt=\"pisos de madera\" width=\"468\" height=\"310\" srcset=\"https:\/\/tarkettlatam.com\/blog\/wp-content\/uploads\/2022\/08\/6.png 468w, https:\/\/tarkettlatam.com\/blog\/wp-content\/uploads\/2022\/08\/6-300x199.png 300w, https:\/\/tarkettlatam.com\/blog\/wp-content\/uploads\/2022\/08\/6-370x245.png 370w\" sizes=\"auto, (max-width: 468px) 100vw, 468px\" \/><figcaption id=\"caption-attachment-1878\" class=\"wp-caption-text\"><em>\u00a0 \u00a0 \u00a0 \u00a0 \u00a0 \u00a0 Piso Vin\u00edlico Color Betula \u2013 L\u00ednea Ambienta Colecci\u00f3n Series \u2013 Tarkett<\/em><\/figcaption><\/figure>\n<h2><strong>5. Tonos de madera oscuros para m\u00e1s comodidad en el cuarto<\/strong><\/h2>\n<p>Cada vez m\u00e1s personas han utilizado est\u00e1ndares m\u00e1s oscuros para toda la casa, pero debemos resaltar que ellos son excelentes opciones para los ambientes m\u00e1s \u00edntimos de la casa, sobre todo en las habitaciones.<\/p>\n<p>Las tonalidades m\u00e1s oscuras de la madera promueven una sensaci\u00f3n adicional de acogimiento, lo que es ideal para ambientes de reposo.<\/p>\n<p>Adem\u00e1s de esto, al acercarse al tono negro, se a\u00f1ade a la noci\u00f3n de elegancia y sofisticaci\u00f3n que ese color naturalmente impone.<\/p>\n<p>Sin embargo, en el caso de que tu habitaci\u00f3n tenga un metraje reducido, abusar de los tonos oscuros sobrecargar\u00e1 el espacio.<\/p>\n<p>Siendo as\u00ed, una buena posibilidad para traer m\u00e1s acogimiento al ambiente es apostar en los tonos medios.<\/p>\n<p><strong>\u00bfYa conoc\u00edas todos estos trucos de decoraci\u00f3n con pisos vin\u00edlicos de madera? \u00a1Com\u00e9ntanos aqu\u00ed qu\u00e9 te parecieron estos consejos y aprovecha para ver nuestro portafolio de madera para proyectos residenciales!<\/strong><\/p>\n<p>&nbsp;<\/p>\n","protected":false},"excerpt":{"rendered":"<p>La est\u00e9tica de los pisos de madera es muy valorizada en proyectos de arquitectura y dise\u00f1o de interiores por ser capaz de \u2018calentar\u2019 los ambientes, agregando sofisticaci\u00f3n y la tan&hellip;<\/p>\n","protected":false},"author":7,"featured_media":1873,"comment_status":"open","ping_status":"open","sticky":false,"template":"","format":"standard","meta":{"footnotes":""},"categories":[47],"tags":[29],"class_list":["post-1871","post","type-post","status-publish","format-standard","has-post-thumbnail","hentry","category-decoracion","tag-piso-vinilico"],"yoast_head":"<!-- This site is optimized with the Yoast SEO plugin v25.2 - https:\/\/yoast.com\/wordpress\/plugins\/seo\/ -->\n<title>5 ideas de decoraci\u00f3n con pisos de madera - Blog Tarkett<\/title>\n<meta name=\"description\" content=\"Consejos para que no falte inspiraci\u00f3n a la hora de decorar tu proyecto con pisos de madera vin\u00edlicos. \u00a1Haz clic y compru\u00e9balo!\" \/>\n<meta name=\"robots\" content=\"index, follow, max-snippet:-1, max-image-preview:large, max-video-preview:-1\" \/>\n<link rel=\"canonical\" href=\"https:\/\/tarkettlatam.com\/blog\/pisos-de-madera\/\" \/>\n<meta property=\"og:locale\" content=\"es_ES\" \/>\n<meta property=\"og:type\" content=\"article\" \/>\n<meta property=\"og:title\" content=\"5 ideas de decoraci\u00f3n con pisos de madera - Blog Tarkett\" \/>\n<meta property=\"og:description\" content=\"Consejos para que no falte inspiraci\u00f3n a la hora de decorar tu proyecto con pisos de madera vin\u00edlicos. \u00a1Haz clic y compru\u00e9balo!\" \/>\n<meta property=\"og:url\" content=\"https:\/\/tarkettlatam.com\/blog\/pisos-de-madera\/\" \/>\n<meta property=\"og:site_name\" content=\"Blog Tarkett\" \/>\n<meta property=\"article:published_time\" content=\"2022-08-31T02:07:08+00:00\" \/>\n<meta property=\"article:modified_time\" content=\"2024-07-29T16:45:06+00:00\" \/>\n<meta property=\"og:image\" content=\"https:\/\/tarkettlatam.com\/blog\/wp-content\/uploads\/2022\/08\/1.png\" \/>\n\t<meta property=\"og:image:width\" content=\"450\" \/>\n\t<meta property=\"og:image:height\" content=\"330\" \/>\n\t<meta property=\"og:image:type\" content=\"image\/png\" \/>\n<meta name=\"author\" content=\"Admin\" \/>\n<meta name=\"twitter:card\" content=\"summary_large_image\" \/>\n<meta name=\"twitter:label1\" content=\"Escrito por\" \/>\n\t<meta name=\"twitter:data1\" content=\"Admin\" \/>\n\t<meta name=\"twitter:label2\" content=\"Tiempo de lectura\" \/>\n\t<meta name=\"twitter:data2\" content=\"6 minutos\" \/>\n<script type=\"application\/ld+json\" class=\"yoast-schema-graph\">{\"@context\":\"https:\/\/schema.org\",\"@graph\":[{\"@type\":\"WebPage\",\"@id\":\"https:\/\/tarkettlatam.com\/blog\/pisos-de-madera\/\",\"url\":\"https:\/\/tarkettlatam.com\/blog\/pisos-de-madera\/\",\"name\":\"5 ideas de decoraci\u00f3n con pisos de madera - Blog Tarkett\",\"isPartOf\":{\"@id\":\"https:\/\/tarkettlatam.com\/blog\/#website\"},\"primaryImageOfPage\":{\"@id\":\"https:\/\/tarkettlatam.com\/blog\/pisos-de-madera\/#primaryimage\"},\"image\":{\"@id\":\"https:\/\/tarkettlatam.com\/blog\/pisos-de-madera\/#primaryimage\"},\"thumbnailUrl\":\"https:\/\/tarkettlatam.com\/blog\/wp-content\/uploads\/2022\/08\/1.png\",\"datePublished\":\"2022-08-31T02:07:08+00:00\",\"dateModified\":\"2024-07-29T16:45:06+00:00\",\"author\":{\"@id\":\"https:\/\/tarkettlatam.com\/blog\/#\/schema\/person\/eee2be554c1f0ce3a965bec99d044e8a\"},\"description\":\"Consejos para que no falte inspiraci\u00f3n a la hora de decorar tu proyecto con pisos de madera vin\u00edlicos. \u00a1Haz clic y compru\u00e9balo!\",\"breadcrumb\":{\"@id\":\"https:\/\/tarkettlatam.com\/blog\/pisos-de-madera\/#breadcrumb\"},\"inLanguage\":\"es\",\"potentialAction\":[{\"@type\":\"ReadAction\",\"target\":[\"https:\/\/tarkettlatam.com\/blog\/pisos-de-madera\/\"]}]},{\"@type\":\"ImageObject\",\"inLanguage\":\"es\",\"@id\":\"https:\/\/tarkettlatam.com\/blog\/pisos-de-madera\/#primaryimage\",\"url\":\"https:\/\/tarkettlatam.com\/blog\/wp-content\/uploads\/2022\/08\/1.png\",\"contentUrl\":\"https:\/\/tarkettlatam.com\/blog\/wp-content\/uploads\/2022\/08\/1.png\",\"width\":450,\"height\":330,\"caption\":\"Piso Vin\u00edlico Color Roble Gris \u2013 L\u00ednea Click Colecci\u00f3n Ambienta Tech \u2013 Tarkett\"},{\"@type\":\"BreadcrumbList\",\"@id\":\"https:\/\/tarkettlatam.com\/blog\/pisos-de-madera\/#breadcrumb\",\"itemListElement\":[{\"@type\":\"ListItem\",\"position\":1,\"name\":\"Home\",\"item\":\"https:\/\/tarkettlatam.com\/blog\/\"},{\"@type\":\"ListItem\",\"position\":2,\"name\":\"5 ideas de decoraci\u00f3n con pisos de madera\"}]},{\"@type\":\"WebSite\",\"@id\":\"https:\/\/tarkettlatam.com\/blog\/#website\",\"url\":\"https:\/\/tarkettlatam.com\/blog\/\",\"name\":\"Blog Tarkett\",\"description\":\"Tarkett - L\u00edder mundial em pisos vin\u00edlicos\",\"potentialAction\":[{\"@type\":\"SearchAction\",\"target\":{\"@type\":\"EntryPoint\",\"urlTemplate\":\"https:\/\/tarkettlatam.com\/blog\/?s={search_term_string}\"},\"query-input\":{\"@type\":\"PropertyValueSpecification\",\"valueRequired\":true,\"valueName\":\"search_term_string\"}}],\"inLanguage\":\"es\"},{\"@type\":\"Person\",\"@id\":\"https:\/\/tarkettlatam.com\/blog\/#\/schema\/person\/eee2be554c1f0ce3a965bec99d044e8a\",\"name\":\"Admin\",\"image\":{\"@type\":\"ImageObject\",\"inLanguage\":\"es\",\"@id\":\"https:\/\/tarkettlatam.com\/blog\/#\/schema\/person\/image\/\",\"url\":\"https:\/\/secure.gravatar.com\/avatar\/778ce7efcadbdafda57cd10af7a749e7?s=96&d=mm&r=g\",\"contentUrl\":\"https:\/\/secure.gravatar.com\/avatar\/778ce7efcadbdafda57cd10af7a749e7?s=96&d=mm&r=g\",\"caption\":\"Admin\"},\"url\":\"https:\/\/tarkettlatam.com\/blog\/author\/admin\/\"}]}<\/script>\n<!-- \/ Yoast SEO plugin. -->","yoast_head_json":{"title":"5 ideas de decoraci\u00f3n con pisos de madera - Blog Tarkett","description":"Consejos para que no falte inspiraci\u00f3n a la hora de decorar tu proyecto con pisos de madera vin\u00edlicos. \u00a1Haz clic y compru\u00e9balo!","robots":{"index":"index","follow":"follow","max-snippet":"max-snippet:-1","max-image-preview":"max-image-preview:large","max-video-preview":"max-video-preview:-1"},"canonical":"https:\/\/tarkettlatam.com\/blog\/pisos-de-madera\/","og_locale":"es_ES","og_type":"article","og_title":"5 ideas de decoraci\u00f3n con pisos de madera - Blog Tarkett","og_description":"Consejos para que no falte inspiraci\u00f3n a la hora de decorar tu proyecto con pisos de madera vin\u00edlicos. \u00a1Haz clic y compru\u00e9balo!","og_url":"https:\/\/tarkettlatam.com\/blog\/pisos-de-madera\/","og_site_name":"Blog Tarkett","article_published_time":"2022-08-31T02:07:08+00:00","article_modified_time":"2024-07-29T16:45:06+00:00","og_image":[{"width":450,"height":330,"url":"https:\/\/tarkettlatam.com\/blog\/wp-content\/uploads\/2022\/08\/1.png","type":"image\/png"}],"author":"Admin","twitter_card":"summary_large_image","twitter_misc":{"Escrito por":"Admin","Tiempo de lectura":"6 minutos"},"schema":{"@context":"https:\/\/schema.org","@graph":[{"@type":"WebPage","@id":"https:\/\/tarkettlatam.com\/blog\/pisos-de-madera\/","url":"https:\/\/tarkettlatam.com\/blog\/pisos-de-madera\/","name":"5 ideas de decoraci\u00f3n con pisos de madera - Blog Tarkett","isPartOf":{"@id":"https:\/\/tarkettlatam.com\/blog\/#website"},"primaryImageOfPage":{"@id":"https:\/\/tarkettlatam.com\/blog\/pisos-de-madera\/#primaryimage"},"image":{"@id":"https:\/\/tarkettlatam.com\/blog\/pisos-de-madera\/#primaryimage"},"thumbnailUrl":"https:\/\/tarkettlatam.com\/blog\/wp-content\/uploads\/2022\/08\/1.png","datePublished":"2022-08-31T02:07:08+00:00","dateModified":"2024-07-29T16:45:06+00:00","author":{"@id":"https:\/\/tarkettlatam.com\/blog\/#\/schema\/person\/eee2be554c1f0ce3a965bec99d044e8a"},"description":"Consejos para que no falte inspiraci\u00f3n a la hora de decorar tu proyecto con pisos de madera vin\u00edlicos. \u00a1Haz clic y compru\u00e9balo!","breadcrumb":{"@id":"https:\/\/tarkettlatam.com\/blog\/pisos-de-madera\/#breadcrumb"},"inLanguage":"es","potentialAction":[{"@type":"ReadAction","target":["https:\/\/tarkettlatam.com\/blog\/pisos-de-madera\/"]}]},{"@type":"ImageObject","inLanguage":"es","@id":"https:\/\/tarkettlatam.com\/blog\/pisos-de-madera\/#primaryimage","url":"https:\/\/tarkettlatam.com\/blog\/wp-content\/uploads\/2022\/08\/1.png","contentUrl":"https:\/\/tarkettlatam.com\/blog\/wp-content\/uploads\/2022\/08\/1.png","width":450,"height":330,"caption":"Piso Vin\u00edlico Color Roble Gris \u2013 L\u00ednea Click Colecci\u00f3n Ambienta Tech \u2013 Tarkett"},{"@type":"BreadcrumbList","@id":"https:\/\/tarkettlatam.com\/blog\/pisos-de-madera\/#breadcrumb","itemListElement":[{"@type":"ListItem","position":1,"name":"Home","item":"https:\/\/tarkettlatam.com\/blog\/"},{"@type":"ListItem","position":2,"name":"5 ideas de decoraci\u00f3n con pisos de madera"}]},{"@type":"WebSite","@id":"https:\/\/tarkettlatam.com\/blog\/#website","url":"https:\/\/tarkettlatam.com\/blog\/","name":"Blog Tarkett","description":"Tarkett - L\u00edder mundial em pisos vin\u00edlicos","potentialAction":[{"@type":"SearchAction","target":{"@type":"EntryPoint","urlTemplate":"https:\/\/tarkettlatam.com\/blog\/?s={search_term_string}"},"query-input":{"@type":"PropertyValueSpecification","valueRequired":true,"valueName":"search_term_string"}}],"inLanguage":"es"},{"@type":"Person","@id":"https:\/\/tarkettlatam.com\/blog\/#\/schema\/person\/eee2be554c1f0ce3a965bec99d044e8a","name":"Admin","image":{"@type":"ImageObject","inLanguage":"es","@id":"https:\/\/tarkettlatam.com\/blog\/#\/schema\/person\/image\/","url":"https:\/\/secure.gravatar.com\/avatar\/778ce7efcadbdafda57cd10af7a749e7?s=96&d=mm&r=g","contentUrl":"https:\/\/secure.gravatar.com\/avatar\/778ce7efcadbdafda57cd10af7a749e7?s=96&d=mm&r=g","caption":"Admin"},"url":"https:\/\/tarkettlatam.com\/blog\/author\/admin\/"}]}},"_links":{"self":[{"href":"https:\/\/tarkettlatam.com\/blog\/wp-json\/wp\/v2\/posts\/1871","targetHints":{"allow":["GET"]}}],"collection":[{"href":"https:\/\/tarkettlatam.com\/blog\/wp-json\/wp\/v2\/posts"}],"about":[{"href":"https:\/\/tarkettlatam.com\/blog\/wp-json\/wp\/v2\/types\/post"}],"author":[{"embeddable":true,"href":"https:\/\/tarkettlatam.com\/blog\/wp-json\/wp\/v2\/users\/7"}],"replies":[{"embeddable":true,"href":"https:\/\/tarkettlatam.com\/blog\/wp-json\/wp\/v2\/comments?post=1871"}],"version-history":[{"count":6,"href":"https:\/\/tarkettlatam.com\/blog\/wp-json\/wp\/v2\/posts\/1871\/revisions"}],"predecessor-version":[{"id":2573,"href":"https:\/\/tarkettlatam.com\/blog\/wp-json\/wp\/v2\/posts\/1871\/revisions\/2573"}],"wp:featuredmedia":[{"embeddable":true,"href":"https:\/\/tarkettlatam.com\/blog\/wp-json\/wp\/v2\/media\/1873"}],"wp:attachment":[{"href":"https:\/\/tarkettlatam.com\/blog\/wp-json\/wp\/v2\/media?parent=1871"}],"wp:term":[{"taxonomy":"category","embeddable":true,"href":"https:\/\/tarkettlatam.com\/blog\/wp-json\/wp\/v2\/categories?post=1871"},{"taxonomy":"post_tag","embeddable":true,"href":"https:\/\/tarkettlatam.com\/blog\/wp-json\/wp\/v2\/tags?post=1871"}],"curies":[{"name":"wp","href":"https:\/\/api.w.org\/{rel}","templated":true}]}}