{"id":1806,"date":"2022-04-22T15:43:33","date_gmt":"2022-04-22T18:43:33","guid":{"rendered":"https:\/\/www.tarkettlatam.com\/blog\/?p=1806"},"modified":"2023-08-21T11:21:34","modified_gmt":"2023-08-21T14:21:34","slug":"piso-vinilico-5-razones-para-tener-en-tu-casa","status":"publish","type":"post","link":"https:\/\/tarkettlatam.com\/blog\/piso-vinilico-5-razones-para-tener-en-tu-casa\/","title":{"rendered":"Piso vin\u00edlico: 5 razones para tener en tu casa"},"content":{"rendered":"<p><i><span style=\"font-weight: 400;\">Cinco motivos para el vin\u00edlico ser tu pr\u00f3ximo piso<\/span><\/i><\/p>\n<p><img loading=\"lazy\" decoding=\"async\" class=\"size-full wp-image-1807 aligncenter\" src=\"https:\/\/www.tarkettlatam.com\/blog\/wp-content\/uploads\/2022\/04\/living-piso-vinilico-amadeirado-claro.jpg\" alt=\"\" width=\"7087\" height=\"4080\" srcset=\"https:\/\/tarkettlatam.com\/blog\/wp-content\/uploads\/2022\/04\/living-piso-vinilico-amadeirado-claro.jpg 7087w, https:\/\/tarkettlatam.com\/blog\/wp-content\/uploads\/2022\/04\/living-piso-vinilico-amadeirado-claro-300x173.jpg 300w, https:\/\/tarkettlatam.com\/blog\/wp-content\/uploads\/2022\/04\/living-piso-vinilico-amadeirado-claro-768x442.jpg 768w, https:\/\/tarkettlatam.com\/blog\/wp-content\/uploads\/2022\/04\/living-piso-vinilico-amadeirado-claro-1024x590.jpg 1024w, https:\/\/tarkettlatam.com\/blog\/wp-content\/uploads\/2022\/04\/living-piso-vinilico-amadeirado-claro-370x213.jpg 370w, https:\/\/tarkettlatam.com\/blog\/wp-content\/uploads\/2022\/04\/living-piso-vinilico-amadeirado-claro-760x438.jpg 760w\" sizes=\"auto, (max-width: 7087px) 100vw, 7087px\" \/><\/p>\n<p style=\"text-align: center;\"><i><span style=\"font-weight: 400;\">Piso Vin\u00edlico Color Lirio \u2013 L\u00ednea Essence 30 \u2013 Tarkett<\/span><\/i><\/p>\n<p><span style=\"font-weight: 400;\">Quien sigue el <\/span><a href=\"https:\/\/www.tarkettlatam.com\/blog\/\"><b>Blog de Tarkett<\/b><\/a><span style=\"font-weight: 400;\"> regularmente ya sabe a esta altura cu\u00e1nto el piso vin\u00edlico se ha tornado relevante en los proyectos residenciales, comerciales, corporativos y muchos otros por todo Brasil.<\/span><\/p>\n<p><span style=\"font-weight: 400;\">Estas personas probablemente ya est\u00e1n convencidas de que el piso vin\u00edlico es el ideal para sus proyectos futuros, pero sabemos, no obstante, que este tipo de piso puede ser una novedad o genera desconfianza en muchas personas.<\/span><\/p>\n<p><span style=\"font-weight: 400;\">Si no sabes lo que es el piso vin\u00edlico o este tipo de piso te causa recelo, este art\u00edculo es para ti: \u00a1vamos a listar 5 razones para escoger el vin\u00edlico como el pr\u00f3ximo piso de tu casa y queremos saber despu\u00e9s qu\u00e9 te parece esto! \u00bfAceptas este desaf\u00edo? \u00a1Ven con nosotros!<\/span><\/p>\n<h2><b>\u00bfQu\u00e9 es piso vin\u00edlico?<\/b><\/h2>\n<p><span style=\"font-weight: 400;\">Antes de hablar espec\u00edficamente sobre los motivos de tener el vin\u00edlico como pr\u00f3ximo piso, es importante desmitificar algunas cosas sobre \u00e9l, contando la verdad sobre de qu\u00e9 \u00e9l est\u00e1 hecho \u2013 lo que ayuda a explicar por qu\u00e9 se trata de un piso m\u00e1s liviano y flexible que los dem\u00e1s.<\/span><\/p>\n<p><span style=\"font-weight: 400;\">Si ya o\u00edste hablar de \u00e9l como \u201cpiso engomado\u201d, debes saber que \u00e9l no tiene nada de goma, olvida eso, \u00bfest\u00e1 bien? \u00c9l tampoco tiene nada que ver con el <\/span><a href=\"https:\/\/www.tarkettlatam.com\/blog\/piso-vinilico-o-piso-laminado-existe-diferencia\/\"><b>laminado<\/b><\/a><span style=\"font-weight: 400;\">, que es un tipo de piso hecho a partir de derivados de la madera.<\/span><\/p>\n<p><span style=\"font-weight: 400;\">El piso vin\u00edlico, en realidad, est\u00e1 compuesto por <\/span><b>PVC<\/b><span style=\"font-weight: 400;\">, <\/span><b>cargas minerales,<\/b> <b>plastificantes<\/b><span style=\"font-weight: 400;\">, <\/span><b>pigmentos<\/b><span style=\"font-weight: 400;\"> y <\/span><b>aditivos<\/b><span style=\"font-weight: 400;\">.\u00a0<\/span><\/p>\n<p><span style=\"font-weight: 400;\">Ahora que ya sabes de qu\u00e9 \u00e9l est\u00e1 hecho, \u00a1lleg\u00f3 la hora de saber lo que tienes para ganar con \u00e9l en casa!<\/span><\/p>\n<h2><strong>5 razones para tener el piso vin\u00edlico en tu casa<\/strong><\/h2>\n<h3><strong>1. M\u00e1s agilidad en la instalaci\u00f3n<\/strong><\/h3>\n<p><span style=\"font-weight: 400;\">Cada d\u00eda de obra es valioso, pues atrasos inflan el presupuesto y generan problemas con las roturas. \u00bfPor qu\u00e9 no agilizar? El vin\u00edlico instalado por profesionales capacitados permite que el tiempo de instalaci\u00f3n sea m\u00e1s r\u00e1pido que la cer\u00e1mica, adem\u00e1s de generar menos polvo y suciedad.<\/span><\/p>\n<p><span style=\"font-weight: 400;\">Por cierto, la instalaci\u00f3n del vin\u00edlico no es solo m\u00e1s r\u00e1pida que la cer\u00e1mica, sino que tambi\u00e9n puedes <\/span><b>instalar el vin\u00edlico sobre la cer\u00e1mica<\/b><span style=\"font-weight: 400;\"> y otros <\/span><b>tipos de contrapiso<\/b><span style=\"font-weight: 400;\">.\u00a0<\/span><\/p>\n<p><span style=\"font-weight: 400;\">Para ir a\u00fan m\u00e1s r\u00e1pido, debes conocer la L\u00ednea Click de <\/span><a href=\"https:\/\/www.tarkettlatam.com\/\"><b>Tarkett<\/b><\/a><span style=\"font-weight: 400;\">, con opciones de pisos vin\u00edlicos encajados, flexibles y r\u00edgidos que <\/span><a href=\"https:\/\/www.tarkettlatam.com\/blog\/tener-un-vinilico-instalado-en-hasta-2-dias\/\"><b>pueden ser instalados en menos de dos d\u00edas<\/b><\/a><span style=\"font-weight: 400;\"> \u2013 \u00a1eso mismo, 48h y el piso est\u00e1 nuevo para ser usado!<\/span><\/p>\n<h3><b>2. M\u00e1s f\u00e1cil de limpiar<\/b><\/h3>\n<p><span style=\"font-weight: 400;\">Adem\u00e1s de ser antial\u00e9rgicos y no acumular hongos o bacterias, el piso vin\u00edlico demora solamente algunos minutos para ser limpiado y tambi\u00e9n dispensa el uso de otros productos que no sean agua y detergente neutro en peque\u00f1as cantidades.<\/span><\/p>\n<p><span style=\"font-weight: 400;\">La limpieza de rutina demanda estos pasos y nada m\u00e1s: primero, es necesario barrer la superficie o retirar el exceso de polvo y alimentos con un pa\u00f1o seco. Despu\u00e9s, diluir detergente neutro en agua y aplicar esta soluci\u00f3n en el piso con pa\u00f1o h\u00famedo o mopa, secando la superficie enseguida. \u00bfViste?<\/span><\/p>\n<p><span style=\"font-weight: 400;\">Diferente de los encajados, los modelos pegados incluso pueden ser lavados. No obstante, <\/span><a href=\"https:\/\/www.tarkettlatam.com\/blog\/3-errores-que-las-personas-cometen-al-limpiar-los-vinilicos\/\"><b>un error muy com\u00fan en la limpieza del piso vin\u00edlico<\/b><\/a><span style=\"font-weight: 400;\"> es dejar la superficie con agua estancada \u2013 un h\u00e1bito que puede llevar al despegado de las baldosas con el paso del tiempo.<\/span><\/p>\n<p><span style=\"font-weight: 400;\">Para un desempe\u00f1o a\u00fan mejor en la higienizaci\u00f3n, Tarkett ofrece en algunas l\u00edneas y LVTs con Extreme Protection, tecnolog\u00eda de tratamiento de superficie exclusiva de la marca que hace de estos vin\u00edlicos hasta siete veces m\u00e1s f\u00e1ciles de limpiar que un piso com\u00fan.<\/span><\/p>\n<h3><b>3. M\u00e1s c\u00f3modo<\/b><\/h3>\n<p><span style=\"font-weight: 400;\">El piso vin\u00edlico absorbe considerablemente el sonido causado por el impacto al caminar, proporcionando una ac\u00fastica m\u00e1s tranquila y c\u00f3moda a los ambientes, replicando en casa el \u00e9xito que los vin\u00edlicos ya tienen en proyectos comerciales y corporativos.<\/span><\/p>\n<p><span style=\"font-weight: 400;\">Con el vin\u00edlico se elimina el inconveniente toque-toque de los pasos, com\u00fan en superficies como el laminado. Es posible caminar tranquilamente sin preocuparse con el ruido, incluso con tacones.<\/span><\/p>\n<p><span style=\"font-weight: 400;\">Otro detalle muy importante es el hecho de que el vin\u00edlico es un piso at\u00e9rmico, o sea, no es influenciado por la temperatura exterior. Diferentemente de los pisos fr\u00edos como el porcelanato, \u00e9l proporciona mayor confort t\u00e9rmico, cualquiera que sea la estaci\u00f3n.<\/span><\/p>\n<p><span style=\"font-weight: 400;\">Este tipo de piso es perfecto para caminar con los pies descalzos c\u00f3modamente, incluso en los d\u00edas m\u00e1s fr\u00edos. Tampoco sentir\u00e1s el ambiente sofocante durante los d\u00edas m\u00e1s calientes.<\/span><\/p>\n<h3><b>4. M\u00e1s colores, formatos, est\u00e1ndares y texturas diferenciados<\/b><\/h3>\n<p><span style=\"font-weight: 400;\">Tarkett ofrece una gran variedad de modelos y acabados, satisfaciendo los m\u00e1s variados y exigentes gustos. Las opciones van desde opciones modernas coloridas y geom\u00e9tricas hasta los cl\u00e1sicos est\u00e1ndares de madera que pueden ser aplicadas en el piso, en las paredes e incluso en el techo.<\/span><\/p>\n<p><span style=\"font-weight: 400;\">Adem\u00e1s de ser agradable para los ojos, el vin\u00edlico puede ser a\u00fan m\u00e1s agradable para el tacto. Si te gustan las texturas de la madera, de los tejidos y de las superficies r\u00fasticas, los pisos de Tarkett proporcionar\u00e1n una gran sensaci\u00f3n de acogimiento y comodidad.<\/span><\/p>\n<h3><b>5. M\u00e1s f\u00e1cil de cambiar<\/b><\/h3>\n<p><span style=\"font-weight: 400;\">Si es especificado, instalado y conservado correctamente, el piso vin\u00edlico es suficientemente resistente para soportar con facilidad la rutina de una residencia por a\u00f1os.<\/span><\/p>\n<p><span style=\"font-weight: 400;\">Sin embargo, todos estamos sujetos a lo imponderable y un accidente puede acabar da\u00f1ando tu piso. Ante esta angustia es muy probable que se espere la misma agilidad de la instalaci\u00f3n en el cambio de piso, \u00bfno es verdad?<\/span><\/p>\n<p><span style=\"font-weight: 400;\">El cambio de baldosas y tablas fijadas por colas adhesivas es el m\u00e1s f\u00e1cil entre los tipos de piso vin\u00edlico. Con ayuda profesional, se debe retirar la baldosa raspada o marcada con la ayuda de un estilete apropiado.\u00a0<\/span><\/p>\n<p><b>\u00a1Si a\u00fan no est\u00e1s convencido de que el vin\u00edlico es tu pr\u00f3ximo piso, usa y abusa de los comentarios para solucionar todas tus dudas y ayudar en las comparaciones!<\/b><\/p>\n<p>&nbsp;<\/p>\n<p>&nbsp;<\/p>\n<p>&nbsp;<\/p>\n<p>&nbsp;<\/p>\n<p>&nbsp;<\/p>\n<p>&nbsp;<\/p>\n<p>&nbsp;<\/p>\n<p>&nbsp;<\/p>\n<p>&nbsp;<\/p>\n<p>&nbsp;<\/p>\n<p>&nbsp;<\/p>\n<p>&nbsp;<\/p>\n<p>&nbsp;<\/p>\n<p>&nbsp;<\/p>\n","protected":false},"excerpt":{"rendered":"<p>Cinco motivos para el vin\u00edlico ser tu pr\u00f3ximo piso Piso Vin\u00edlico Color Lirio \u2013 L\u00ednea Essence 30 \u2013 Tarkett Quien sigue el Blog de Tarkett regularmente ya sabe a esta&hellip;<\/p>\n","protected":false},"author":7,"featured_media":1807,"comment_status":"open","ping_status":"open","sticky":false,"template":"","format":"standard","meta":{"footnotes":""},"categories":[2],"tags":[],"class_list":["post-1806","post","type-post","status-publish","format-standard","has-post-thumbnail","hentry","category-beneficios"],"yoast_head":"<!-- This site is optimized with the Yoast SEO plugin v25.2 - https:\/\/yoast.com\/wordpress\/plugins\/seo\/ -->\n<title>Piso vin\u00edlico: 5 razones para tener en tu casa - Blog Tarkett<\/title>\n<meta name=\"description\" content=\"\u00a1Vamos a listar 5 razones para escoger el vin\u00edlico como el pr\u00f3ximo piso de tu casa y queremos saber despu\u00e9s qu\u00e9 te parece esto!\" \/>\n<meta name=\"robots\" content=\"index, follow, max-snippet:-1, max-image-preview:large, max-video-preview:-1\" \/>\n<link rel=\"canonical\" href=\"https:\/\/tarkettlatam.com\/blog\/piso-vinilico-5-razones-para-tener-en-tu-casa\/\" \/>\n<meta property=\"og:locale\" content=\"es_ES\" \/>\n<meta property=\"og:type\" content=\"article\" \/>\n<meta property=\"og:title\" content=\"Piso vin\u00edlico: 5 razones para tener en tu casa - Blog Tarkett\" \/>\n<meta property=\"og:description\" content=\"\u00a1Vamos a listar 5 razones para escoger el vin\u00edlico como el pr\u00f3ximo piso de tu casa y queremos saber despu\u00e9s qu\u00e9 te parece esto!\" \/>\n<meta property=\"og:url\" content=\"https:\/\/tarkettlatam.com\/blog\/piso-vinilico-5-razones-para-tener-en-tu-casa\/\" \/>\n<meta property=\"og:site_name\" content=\"Blog Tarkett\" \/>\n<meta property=\"article:published_time\" content=\"2022-04-22T18:43:33+00:00\" \/>\n<meta property=\"article:modified_time\" content=\"2023-08-21T14:21:34+00:00\" \/>\n<meta property=\"og:image\" content=\"https:\/\/tarkettlatam.com\/blog\/wp-content\/uploads\/2022\/04\/living-piso-vinilico-amadeirado-claro-1024x590.jpg\" \/>\n\t<meta property=\"og:image:width\" content=\"1024\" \/>\n\t<meta property=\"og:image:height\" content=\"590\" \/>\n\t<meta property=\"og:image:type\" content=\"image\/jpeg\" \/>\n<meta name=\"author\" content=\"Admin\" \/>\n<meta name=\"twitter:card\" content=\"summary_large_image\" \/>\n<meta name=\"twitter:label1\" content=\"Escrito por\" \/>\n\t<meta name=\"twitter:data1\" content=\"Admin\" \/>\n\t<meta name=\"twitter:label2\" content=\"Tiempo de lectura\" \/>\n\t<meta name=\"twitter:data2\" content=\"5 minutos\" \/>\n<script type=\"application\/ld+json\" class=\"yoast-schema-graph\">{\"@context\":\"https:\/\/schema.org\",\"@graph\":[{\"@type\":\"WebPage\",\"@id\":\"https:\/\/tarkettlatam.com\/blog\/piso-vinilico-5-razones-para-tener-en-tu-casa\/\",\"url\":\"https:\/\/tarkettlatam.com\/blog\/piso-vinilico-5-razones-para-tener-en-tu-casa\/\",\"name\":\"Piso vin\u00edlico: 5 razones para tener en tu casa - Blog Tarkett\",\"isPartOf\":{\"@id\":\"https:\/\/tarkettlatam.com\/blog\/#website\"},\"primaryImageOfPage\":{\"@id\":\"https:\/\/tarkettlatam.com\/blog\/piso-vinilico-5-razones-para-tener-en-tu-casa\/#primaryimage\"},\"image\":{\"@id\":\"https:\/\/tarkettlatam.com\/blog\/piso-vinilico-5-razones-para-tener-en-tu-casa\/#primaryimage\"},\"thumbnailUrl\":\"https:\/\/tarkettlatam.com\/blog\/wp-content\/uploads\/2022\/04\/living-piso-vinilico-amadeirado-claro.jpg\",\"datePublished\":\"2022-04-22T18:43:33+00:00\",\"dateModified\":\"2023-08-21T14:21:34+00:00\",\"author\":{\"@id\":\"https:\/\/tarkettlatam.com\/blog\/#\/schema\/person\/eee2be554c1f0ce3a965bec99d044e8a\"},\"description\":\"\u00a1Vamos a listar 5 razones para escoger el vin\u00edlico como el pr\u00f3ximo piso de tu casa y queremos saber despu\u00e9s qu\u00e9 te parece esto!\",\"breadcrumb\":{\"@id\":\"https:\/\/tarkettlatam.com\/blog\/piso-vinilico-5-razones-para-tener-en-tu-casa\/#breadcrumb\"},\"inLanguage\":\"es\",\"potentialAction\":[{\"@type\":\"ReadAction\",\"target\":[\"https:\/\/tarkettlatam.com\/blog\/piso-vinilico-5-razones-para-tener-en-tu-casa\/\"]}]},{\"@type\":\"ImageObject\",\"inLanguage\":\"es\",\"@id\":\"https:\/\/tarkettlatam.com\/blog\/piso-vinilico-5-razones-para-tener-en-tu-casa\/#primaryimage\",\"url\":\"https:\/\/tarkettlatam.com\/blog\/wp-content\/uploads\/2022\/04\/living-piso-vinilico-amadeirado-claro.jpg\",\"contentUrl\":\"https:\/\/tarkettlatam.com\/blog\/wp-content\/uploads\/2022\/04\/living-piso-vinilico-amadeirado-claro.jpg\",\"width\":7087,\"height\":4080},{\"@type\":\"BreadcrumbList\",\"@id\":\"https:\/\/tarkettlatam.com\/blog\/piso-vinilico-5-razones-para-tener-en-tu-casa\/#breadcrumb\",\"itemListElement\":[{\"@type\":\"ListItem\",\"position\":1,\"name\":\"Home\",\"item\":\"https:\/\/tarkettlatam.com\/blog\/\"},{\"@type\":\"ListItem\",\"position\":2,\"name\":\"Piso vin\u00edlico: 5 razones para tener en tu casa\"}]},{\"@type\":\"WebSite\",\"@id\":\"https:\/\/tarkettlatam.com\/blog\/#website\",\"url\":\"https:\/\/tarkettlatam.com\/blog\/\",\"name\":\"Blog Tarkett\",\"description\":\"Tarkett - L\u00edder mundial em pisos vin\u00edlicos\",\"potentialAction\":[{\"@type\":\"SearchAction\",\"target\":{\"@type\":\"EntryPoint\",\"urlTemplate\":\"https:\/\/tarkettlatam.com\/blog\/?s={search_term_string}\"},\"query-input\":{\"@type\":\"PropertyValueSpecification\",\"valueRequired\":true,\"valueName\":\"search_term_string\"}}],\"inLanguage\":\"es\"},{\"@type\":\"Person\",\"@id\":\"https:\/\/tarkettlatam.com\/blog\/#\/schema\/person\/eee2be554c1f0ce3a965bec99d044e8a\",\"name\":\"Admin\",\"image\":{\"@type\":\"ImageObject\",\"inLanguage\":\"es\",\"@id\":\"https:\/\/tarkettlatam.com\/blog\/#\/schema\/person\/image\/\",\"url\":\"https:\/\/secure.gravatar.com\/avatar\/778ce7efcadbdafda57cd10af7a749e7?s=96&d=mm&r=g\",\"contentUrl\":\"https:\/\/secure.gravatar.com\/avatar\/778ce7efcadbdafda57cd10af7a749e7?s=96&d=mm&r=g\",\"caption\":\"Admin\"},\"url\":\"https:\/\/tarkettlatam.com\/blog\/author\/admin\/\"}]}<\/script>\n<!-- \/ Yoast SEO plugin. -->","yoast_head_json":{"title":"Piso vin\u00edlico: 5 razones para tener en tu casa - Blog Tarkett","description":"\u00a1Vamos a listar 5 razones para escoger el vin\u00edlico como el pr\u00f3ximo piso de tu casa y queremos saber despu\u00e9s qu\u00e9 te parece esto!","robots":{"index":"index","follow":"follow","max-snippet":"max-snippet:-1","max-image-preview":"max-image-preview:large","max-video-preview":"max-video-preview:-1"},"canonical":"https:\/\/tarkettlatam.com\/blog\/piso-vinilico-5-razones-para-tener-en-tu-casa\/","og_locale":"es_ES","og_type":"article","og_title":"Piso vin\u00edlico: 5 razones para tener en tu casa - Blog Tarkett","og_description":"\u00a1Vamos a listar 5 razones para escoger el vin\u00edlico como el pr\u00f3ximo piso de tu casa y queremos saber despu\u00e9s qu\u00e9 te parece esto!","og_url":"https:\/\/tarkettlatam.com\/blog\/piso-vinilico-5-razones-para-tener-en-tu-casa\/","og_site_name":"Blog Tarkett","article_published_time":"2022-04-22T18:43:33+00:00","article_modified_time":"2023-08-21T14:21:34+00:00","og_image":[{"width":1024,"height":590,"url":"https:\/\/tarkettlatam.com\/blog\/wp-content\/uploads\/2022\/04\/living-piso-vinilico-amadeirado-claro-1024x590.jpg","type":"image\/jpeg"}],"author":"Admin","twitter_card":"summary_large_image","twitter_misc":{"Escrito por":"Admin","Tiempo de lectura":"5 minutos"},"schema":{"@context":"https:\/\/schema.org","@graph":[{"@type":"WebPage","@id":"https:\/\/tarkettlatam.com\/blog\/piso-vinilico-5-razones-para-tener-en-tu-casa\/","url":"https:\/\/tarkettlatam.com\/blog\/piso-vinilico-5-razones-para-tener-en-tu-casa\/","name":"Piso vin\u00edlico: 5 razones para tener en tu casa - Blog Tarkett","isPartOf":{"@id":"https:\/\/tarkettlatam.com\/blog\/#website"},"primaryImageOfPage":{"@id":"https:\/\/tarkettlatam.com\/blog\/piso-vinilico-5-razones-para-tener-en-tu-casa\/#primaryimage"},"image":{"@id":"https:\/\/tarkettlatam.com\/blog\/piso-vinilico-5-razones-para-tener-en-tu-casa\/#primaryimage"},"thumbnailUrl":"https:\/\/tarkettlatam.com\/blog\/wp-content\/uploads\/2022\/04\/living-piso-vinilico-amadeirado-claro.jpg","datePublished":"2022-04-22T18:43:33+00:00","dateModified":"2023-08-21T14:21:34+00:00","author":{"@id":"https:\/\/tarkettlatam.com\/blog\/#\/schema\/person\/eee2be554c1f0ce3a965bec99d044e8a"},"description":"\u00a1Vamos a listar 5 razones para escoger el vin\u00edlico como el pr\u00f3ximo piso de tu casa y queremos saber despu\u00e9s qu\u00e9 te parece esto!","breadcrumb":{"@id":"https:\/\/tarkettlatam.com\/blog\/piso-vinilico-5-razones-para-tener-en-tu-casa\/#breadcrumb"},"inLanguage":"es","potentialAction":[{"@type":"ReadAction","target":["https:\/\/tarkettlatam.com\/blog\/piso-vinilico-5-razones-para-tener-en-tu-casa\/"]}]},{"@type":"ImageObject","inLanguage":"es","@id":"https:\/\/tarkettlatam.com\/blog\/piso-vinilico-5-razones-para-tener-en-tu-casa\/#primaryimage","url":"https:\/\/tarkettlatam.com\/blog\/wp-content\/uploads\/2022\/04\/living-piso-vinilico-amadeirado-claro.jpg","contentUrl":"https:\/\/tarkettlatam.com\/blog\/wp-content\/uploads\/2022\/04\/living-piso-vinilico-amadeirado-claro.jpg","width":7087,"height":4080},{"@type":"BreadcrumbList","@id":"https:\/\/tarkettlatam.com\/blog\/piso-vinilico-5-razones-para-tener-en-tu-casa\/#breadcrumb","itemListElement":[{"@type":"ListItem","position":1,"name":"Home","item":"https:\/\/tarkettlatam.com\/blog\/"},{"@type":"ListItem","position":2,"name":"Piso vin\u00edlico: 5 razones para tener en tu casa"}]},{"@type":"WebSite","@id":"https:\/\/tarkettlatam.com\/blog\/#website","url":"https:\/\/tarkettlatam.com\/blog\/","name":"Blog Tarkett","description":"Tarkett - L\u00edder mundial em pisos vin\u00edlicos","potentialAction":[{"@type":"SearchAction","target":{"@type":"EntryPoint","urlTemplate":"https:\/\/tarkettlatam.com\/blog\/?s={search_term_string}"},"query-input":{"@type":"PropertyValueSpecification","valueRequired":true,"valueName":"search_term_string"}}],"inLanguage":"es"},{"@type":"Person","@id":"https:\/\/tarkettlatam.com\/blog\/#\/schema\/person\/eee2be554c1f0ce3a965bec99d044e8a","name":"Admin","image":{"@type":"ImageObject","inLanguage":"es","@id":"https:\/\/tarkettlatam.com\/blog\/#\/schema\/person\/image\/","url":"https:\/\/secure.gravatar.com\/avatar\/778ce7efcadbdafda57cd10af7a749e7?s=96&d=mm&r=g","contentUrl":"https:\/\/secure.gravatar.com\/avatar\/778ce7efcadbdafda57cd10af7a749e7?s=96&d=mm&r=g","caption":"Admin"},"url":"https:\/\/tarkettlatam.com\/blog\/author\/admin\/"}]}},"_links":{"self":[{"href":"https:\/\/tarkettlatam.com\/blog\/wp-json\/wp\/v2\/posts\/1806","targetHints":{"allow":["GET"]}}],"collection":[{"href":"https:\/\/tarkettlatam.com\/blog\/wp-json\/wp\/v2\/posts"}],"about":[{"href":"https:\/\/tarkettlatam.com\/blog\/wp-json\/wp\/v2\/types\/post"}],"author":[{"embeddable":true,"href":"https:\/\/tarkettlatam.com\/blog\/wp-json\/wp\/v2\/users\/7"}],"replies":[{"embeddable":true,"href":"https:\/\/tarkettlatam.com\/blog\/wp-json\/wp\/v2\/comments?post=1806"}],"version-history":[{"count":3,"href":"https:\/\/tarkettlatam.com\/blog\/wp-json\/wp\/v2\/posts\/1806\/revisions"}],"predecessor-version":[{"id":2117,"href":"https:\/\/tarkettlatam.com\/blog\/wp-json\/wp\/v2\/posts\/1806\/revisions\/2117"}],"wp:featuredmedia":[{"embeddable":true,"href":"https:\/\/tarkettlatam.com\/blog\/wp-json\/wp\/v2\/media\/1807"}],"wp:attachment":[{"href":"https:\/\/tarkettlatam.com\/blog\/wp-json\/wp\/v2\/media?parent=1806"}],"wp:term":[{"taxonomy":"category","embeddable":true,"href":"https:\/\/tarkettlatam.com\/blog\/wp-json\/wp\/v2\/categories?post=1806"},{"taxonomy":"post_tag","embeddable":true,"href":"https:\/\/tarkettlatam.com\/blog\/wp-json\/wp\/v2\/tags?post=1806"}],"curies":[{"name":"wp","href":"https:\/\/api.w.org\/{rel}","templated":true}]}}