{"id":1776,"date":"2022-02-25T17:02:14","date_gmt":"2022-02-25T20:02:14","guid":{"rendered":"https:\/\/www.tarkettlatam.com\/blog\/?p=1776"},"modified":"2024-07-29T11:50:27","modified_gmt":"2024-07-29T14:50:27","slug":"4-consejos-para-crear-una-decoracion-minimalista","status":"publish","type":"post","link":"https:\/\/tarkettlatam.com\/blog\/4-consejos-para-crear-una-decoracion-minimalista\/","title":{"rendered":"4 consejos para crear una decoraci\u00f3n minimalista"},"content":{"rendered":"<p><i><span style=\"font-weight: 400;\">Conoce m\u00e1s sobre esta tendencia y descubre c\u00f3mo sacar provecho de este concepto<\/span><\/i><img loading=\"lazy\" decoding=\"async\" class=\"size-full wp-image-1781 aligncenter\" src=\"https:\/\/www.tarkettlatam.com\/blog\/wp-content\/uploads\/2022\/02\/Piso-vin\u00edlico-Carvalho-Cinza-sala-minimalista-escandinava.jpg\" alt=\"\" width=\"1417\" height=\"1215\" srcset=\"https:\/\/tarkettlatam.com\/blog\/wp-content\/uploads\/2022\/02\/Piso-vin\u00edlico-Carvalho-Cinza-sala-minimalista-escandinava.jpg 1417w, https:\/\/tarkettlatam.com\/blog\/wp-content\/uploads\/2022\/02\/Piso-vin\u00edlico-Carvalho-Cinza-sala-minimalista-escandinava-300x257.jpg 300w, https:\/\/tarkettlatam.com\/blog\/wp-content\/uploads\/2022\/02\/Piso-vin\u00edlico-Carvalho-Cinza-sala-minimalista-escandinava-768x659.jpg 768w, https:\/\/tarkettlatam.com\/blog\/wp-content\/uploads\/2022\/02\/Piso-vin\u00edlico-Carvalho-Cinza-sala-minimalista-escandinava-1024x878.jpg 1024w, https:\/\/tarkettlatam.com\/blog\/wp-content\/uploads\/2022\/02\/Piso-vin\u00edlico-Carvalho-Cinza-sala-minimalista-escandinava-370x317.jpg 370w, https:\/\/tarkettlatam.com\/blog\/wp-content\/uploads\/2022\/02\/Piso-vin\u00edlico-Carvalho-Cinza-sala-minimalista-escandinava-760x652.jpg 760w\" sizes=\"auto, (max-width: 1417px) 100vw, 1417px\" \/><\/p>\n<p style=\"text-align: center;\"><i><span style=\"font-weight: 400;\">Piso vin\u00edlico color Roble Gris \u2013 L\u00ednea Click Colecci\u00f3n Ambienta Tech \u2013 Tarkett<\/span><\/i><\/p>\n<p><span style=\"font-weight: 400;\">Si hoy mismo necesitara viajar y solo pudieras cargar contigo lo esencial en una maleta, \u00bfqu\u00e9 llevar\u00edas?\u00a0 Esta simple reflexi\u00f3n puede resumir un poco de lo que se trata el <\/span><b>minimalismo<\/b><span style=\"font-weight: 400;\"> \u2013 <\/span><span style=\"font-weight: 400;\">estilo de vida <\/span><span style=\"font-weight: 400;\">que est\u00e1 ganando <\/span><span style=\"font-weight: 400;\">cada vez <\/span><span style=\"font-weight: 400;\">m\u00e1s popularidad y que vela en la esencia por una vida m\u00e1s simple y sin excesos.<\/span><\/p>\n<p><span style=\"font-weight: 400;\">El movimiento re\u00fane a personas que se interesan por un estilo de vida m\u00e1s <\/span><i><span style=\"font-weight: 400;\">clean<\/span><\/i><span style=\"font-weight: 400;\">, que llegaron a la conclusi\u00f3n de que tenemos demasiadas cosas y es muy probable que no necesitemos de la mayor\u00eda de ellas.<\/span><\/p>\n<p><span style=\"font-weight: 400;\">En la <\/span><span style=\"font-weight: 400;\">arquitectura minimalista<\/span><span style=\"font-weight: 400;\">, la frase de autor\u00eda del arquitecto alem\u00e1n <\/span><b>Mies van der Rohe<\/b><span style=\"font-weight: 400;\"> (1886\u20131969) sintetiza el pensamiento del grupo: \u201cmenos es m\u00e1s\u201d. Pasamos a ver el hogar como refugio y, pasando m\u00e1s tiempo en casa, la reflexi\u00f3n sobre lo que realmente es necesario y agrega comodidad se est\u00e1 destacando como nunca en detrimento a una vida agitada y en el modo \u201cautom\u00e1tico\u201d que llevamos en el <\/span><span style=\"font-weight: 400;\">d\u00eda a d\u00eda<\/span><span style=\"font-weight: 400;\">.<\/span><\/p>\n<p><span style=\"font-weight: 400;\">Cabe destacar el papel de las <\/span><b>decoraciones escandinavas<\/b><span style=\"font-weight: 400;\"> como una de las escuelas de arquitectura y decoraci\u00f3n que m\u00e1s abarcan este estilo, pues con tantas adversidades clim\u00e1ticas a fuera (el fr\u00edo intenso y las pocas horas de Sol son una constante todo el a\u00f1o por all\u00e1), los n\u00f3rdicos de Suecia, Finlandia, Noruega y Dinamarca escogieron disfrutar lo importante de la vida dentro de sus casas.<\/span><\/p>\n<p><span style=\"font-weight: 400;\">Un estilo <\/span><span style=\"font-weight: 400;\">de decoraci\u00f3n minimalista<\/span><span style=\"font-weight: 400;\"> busca unir est\u00e9tica a la funcionalidad de una forma mucho m\u00e1s racional. En el art\u00edculo de hoy, <\/span><a href=\"https:\/\/www.tarkettlatam.com\/\"><b>Tarkett<\/b><\/a> <span style=\"font-weight: 400;\">separ\u00f3 4 consejos para que incorpores este aspecto en tu casa con la originalidad y comodidad caracter\u00edstica de esta propuesta. \u00a1Mira!<\/span><\/p>\n<h2><b>1. Practica el desapego<\/b><\/h2>\n<p><img loading=\"lazy\" decoding=\"async\" class=\"size-full wp-image-1780 aligncenter\" src=\"https:\/\/www.tarkettlatam.com\/blog\/wp-content\/uploads\/2022\/02\/piso-vin\u00edlico-escuro-com-luz-solar.jpg\" alt=\"\" width=\"462\" height=\"693\" srcset=\"https:\/\/tarkettlatam.com\/blog\/wp-content\/uploads\/2022\/02\/piso-vin\u00edlico-escuro-com-luz-solar.jpg 462w, https:\/\/tarkettlatam.com\/blog\/wp-content\/uploads\/2022\/02\/piso-vin\u00edlico-escuro-com-luz-solar-200x300.jpg 200w, https:\/\/tarkettlatam.com\/blog\/wp-content\/uploads\/2022\/02\/piso-vin\u00edlico-escuro-com-luz-solar-370x555.jpg 370w\" sizes=\"auto, (max-width: 462px) 100vw, 462px\" \/><\/p>\n<p style=\"text-align: center;\"><i><span style=\"font-weight: 400;\">Piso vin\u00edlico color Orqu\u00eddea \u2013 L\u00ednea Essence Colecci\u00f3n Heritage \u2013 Tarkett<\/span><\/i><\/p>\n<p><span style=\"font-weight: 400;\">Por m\u00e1s obvio que esto pueda parecer en el minimalismo, el consejo de desapegar y practicar el \u201cmenos es m\u00e1s\u201d es el paso m\u00e1s dif\u00edcil e importante para acertar en este estilo de decoraci\u00f3n.\u00a0<\/span><\/p>\n<p><span style=\"font-weight: 400;\">Debes dar prioridad a los muebles y objetos decorativos que realmente ser\u00e1n o son usados o que de hecho poseen un prop\u00f3sito, aunque esto no sea material (puede ser algo que rescate una memoria afectiva, por ejemplo).\u00a0<\/span><\/p>\n<p><span style=\"font-weight: 400;\">Lo esencial aqu\u00ed es evitar cualquier tipo de exageraci\u00f3n que pueda causar desde una <\/span><span style=\"font-weight: 400;\">contaminaci\u00f3n visual<\/span><span style=\"font-weight: 400;\"> de colores y materiales hasta un exceso de \u00edtems que poco usar\u00e1s en el d\u00eda a d\u00eda.<\/span><\/p>\n<p><span style=\"font-weight: 400;\">Por ejemplo, no tienes que tener una mesa con ocho sillas si normalmente solo dos personas participan de las comidas. Podr\u00eda as\u00ed haber una mesa menor y disfrutar de este ahorro con otras cosas m\u00e1s importantes. Es com\u00fan pensar en las visitas en este caso, pero en este concepto lo que importa es el lifestyle de los que viven ah\u00ed.<\/span><\/p>\n<p><span style=\"font-weight: 400;\">Esto no quiere decir, por otro lado, que debes dejar tu casa con una sensaci\u00f3n glacial y vac\u00eda \u2013 por m\u00e1s que el minimalismo busque una cierta \u201cbelleza del vac\u00edo\u201d, esto se da por el equilibrio m\u00e1s racional de los elementos decorativos, y no creando el exceso de espacios a llenar.<\/span><\/p>\n<p><span style=\"font-weight: 400;\">Lo que predica el concepto no vale solo para lo que est\u00e1 adentro: si tu casa es demasiado grande para lo que necesitas, talvez sea mejor pensar en una casa menor \u2013 y viceversa.<\/span><\/p>\n<p><span style=\"font-weight: 400;\">Adem\u00e1s de esto, es una pr\u00e1ctica interesante de organizaci\u00f3n, muy com\u00fan en el vestuario: \u00a1lo que no es muy utilizado puede ser donado o vendido, por lo tanto, es una buena oportunidad de practicar el desapego!<\/span><\/p>\n<h2><b>2. Explota los tonos neutros<\/b><\/h2>\n<p><img loading=\"lazy\" decoding=\"async\" class=\"size-full wp-image-1778 aligncenter\" src=\"https:\/\/www.tarkettlatam.com\/blog\/wp-content\/uploads\/2022\/02\/revestimento-vin\u00edlico-parede-tons-claros-artwall.jpg\" alt=\"\" width=\"1280\" height=\"851\" srcset=\"https:\/\/tarkettlatam.com\/blog\/wp-content\/uploads\/2022\/02\/revestimento-vin\u00edlico-parede-tons-claros-artwall.jpg 1280w, https:\/\/tarkettlatam.com\/blog\/wp-content\/uploads\/2022\/02\/revestimento-vin\u00edlico-parede-tons-claros-artwall-300x199.jpg 300w, https:\/\/tarkettlatam.com\/blog\/wp-content\/uploads\/2022\/02\/revestimento-vin\u00edlico-parede-tons-claros-artwall-768x511.jpg 768w, https:\/\/tarkettlatam.com\/blog\/wp-content\/uploads\/2022\/02\/revestimento-vin\u00edlico-parede-tons-claros-artwall-1024x681.jpg 1024w, https:\/\/tarkettlatam.com\/blog\/wp-content\/uploads\/2022\/02\/revestimento-vin\u00edlico-parede-tons-claros-artwall-370x246.jpg 370w, https:\/\/tarkettlatam.com\/blog\/wp-content\/uploads\/2022\/02\/revestimento-vin\u00edlico-parede-tons-claros-artwall-760x505.jpg 760w\" sizes=\"auto, (max-width: 1280px) 100vw, 1280px\" \/><\/p>\n<p style=\"text-align: center;\"><i><span style=\"font-weight: 400;\">Revestimiento vin\u00edlico de pared color 24109913 \u2013 L\u00ednea Artwall Colecci\u00f3n Chamonix \u2013 Tarkett<\/span><\/i><\/p>\n<p><span style=\"font-weight: 400;\">La paleta de colores preferida de los profesionales de arquitectura y <\/span><span style=\"font-weight: 400;\">dise\u00f1o de interiores <\/span><span style=\"font-weight: 400;\">en el <\/span><span style=\"font-weight: 400;\">estilo minimalista <\/span><span style=\"font-weight: 400;\">valoriza <\/span><span style=\"font-weight: 400;\">tonos neutros <\/span><span style=\"font-weight: 400;\">y <\/span><span style=\"font-weight: 400;\">colores claros<\/span><span style=\"font-weight: 400;\">, una vez que, adem\u00e1s de crear una atm\u00f3sfera m\u00e1s suave en el ambiente, estos matices estimulan la sensaci\u00f3n de tranquilidad.<\/span><\/p>\n<p><span style=\"font-weight: 400;\">En espacios peque\u00f1os, los beneficios de los colores neutros como el blanco, crema, gris y beige son a\u00fan m\u00e1s perceptibles: ellas provocan el <\/span><b>efecto visual de amplitud<\/b><span style=\"font-weight: 400;\"> en la habitaci\u00f3n, principalmente cuando son combinadas a una buena iluminaci\u00f3n natural y un <\/span><b>piso de tonalidad mediana o clara<\/b><span style=\"font-weight: 400;\">.<\/span><\/p>\n<p><span style=\"font-weight: 400;\">Para quien busca agregar m\u00e1s personalidad y sofisticaci\u00f3n en la decoraci\u00f3n, otra excelente apuesta es la cl\u00e1sica combinaci\u00f3n entre <\/span><span style=\"font-weight: 400;\">negro y blanco<\/span><span style=\"font-weight: 400;\">. <\/span><\/p>\n<p><span style=\"font-weight: 400;\">En este caso, explote el blanco en la mayor parte del ambiente y el contraste del negro en piezas menores y puntos de destaque del proyecto.<\/span><\/p>\n<h2><b>3. Mobiliario funcional y moderno<\/b><\/h2>\n<p><img loading=\"lazy\" decoding=\"async\" class=\"size-full wp-image-1782 aligncenter\" src=\"https:\/\/www.tarkettlatam.com\/blog\/wp-content\/uploads\/2022\/02\/Linha-Art-Wall-Revestimento-Vin\u00edlico-de-Parede-lumin\u00e1ria-minimalista.jpg\" alt=\"\" width=\"1280\" height=\"960\" srcset=\"https:\/\/tarkettlatam.com\/blog\/wp-content\/uploads\/2022\/02\/Linha-Art-Wall-Revestimento-Vin\u00edlico-de-Parede-lumin\u00e1ria-minimalista.jpg 1280w, https:\/\/tarkettlatam.com\/blog\/wp-content\/uploads\/2022\/02\/Linha-Art-Wall-Revestimento-Vin\u00edlico-de-Parede-lumin\u00e1ria-minimalista-300x225.jpg 300w, https:\/\/tarkettlatam.com\/blog\/wp-content\/uploads\/2022\/02\/Linha-Art-Wall-Revestimento-Vin\u00edlico-de-Parede-lumin\u00e1ria-minimalista-768x576.jpg 768w, https:\/\/tarkettlatam.com\/blog\/wp-content\/uploads\/2022\/02\/Linha-Art-Wall-Revestimento-Vin\u00edlico-de-Parede-lumin\u00e1ria-minimalista-1024x768.jpg 1024w, https:\/\/tarkettlatam.com\/blog\/wp-content\/uploads\/2022\/02\/Linha-Art-Wall-Revestimento-Vin\u00edlico-de-Parede-lumin\u00e1ria-minimalista-370x278.jpg 370w, https:\/\/tarkettlatam.com\/blog\/wp-content\/uploads\/2022\/02\/Linha-Art-Wall-Revestimento-Vin\u00edlico-de-Parede-lumin\u00e1ria-minimalista-760x570.jpg 760w\" sizes=\"auto, (max-width: 1280px) 100vw, 1280px\" \/><\/p>\n<p style=\"text-align: center;\"><i><span style=\"font-weight: 400;\">Revestimiento vin\u00edlico de pared color 24112234 \u2013 L\u00ednea Artwall Colecci\u00f3n Lyon \u2013 Tarkett<\/span><\/i><\/p>\n<p><span style=\"font-weight: 400;\">La elecci\u00f3n minuciosa de cada mueble que compondr\u00e1 la decoraci\u00f3n de tu proyecto minimalista es fundamental. Como la idea del concepto es utilizar solamente lo esencial, cada pieza escogida debe por lo menos cumplir su funcionalidad.<\/span><\/p>\n<p><span style=\"font-weight: 400;\">Mesas, sof\u00e1s y butacas deben entregar lo mejor de la practicidad y comodidad. Con respecto a la est\u00e9tica, las piezas con <\/span><span style=\"font-weight: 400;\">dise\u00f1o minimalista <\/span><span style=\"font-weight: 400;\">exploran l\u00edneas rectas y geom\u00e9tricas, o sea, son m\u00e1s propensas al estilo modernista y contempor\u00e1neo de dise\u00f1o<\/span> <span style=\"font-weight: 400;\">con trazos limpios y la utilizaci\u00f3n de materiales como acero, madera, cuero y otros.<\/span><\/p>\n<p><span style=\"font-weight: 400;\">Otro aspecto importante del minimalismo es priorizar los muebles, objetos y revestimientos que sugieren longevidad, atemporales, de forma que acabes no aburri\u00e9ndote de ellos con el paso del tiempo.<\/span><\/p>\n<h2><b>4. Vela por el bienestar y practicidad<\/b><\/h2>\n<p><img loading=\"lazy\" decoding=\"async\" class=\"size-full wp-image-1779 aligncenter\" src=\"https:\/\/www.tarkettlatam.com\/blog\/wp-content\/uploads\/2022\/02\/quarto-casal-piso-vinilico-amadeirado-claro.jpg\" alt=\"\" width=\"640\" height=\"426\" srcset=\"https:\/\/tarkettlatam.com\/blog\/wp-content\/uploads\/2022\/02\/quarto-casal-piso-vinilico-amadeirado-claro.jpg 640w, https:\/\/tarkettlatam.com\/blog\/wp-content\/uploads\/2022\/02\/quarto-casal-piso-vinilico-amadeirado-claro-300x200.jpg 300w, https:\/\/tarkettlatam.com\/blog\/wp-content\/uploads\/2022\/02\/quarto-casal-piso-vinilico-amadeirado-claro-370x246.jpg 370w\" sizes=\"auto, (max-width: 640px) 100vw, 640px\" \/><\/p>\n<p style=\"text-align: center;\"><i><span style=\"font-weight: 400;\">Piso vin\u00edlico color A\u00e7afr\u00e3o \u2013 L\u00ednea Essence Colecci\u00f3n Hit \u2013 Tarkett<\/span><\/i><\/p>\n<p><span style=\"font-weight: 400;\">Practicidad y comodidad son palabras-clave en el minimalismo \u2013 sobre todo en la vertiente escandinava, dada las condiciones de fr\u00edo que ya mencionamos. As\u00ed, todo el proyecto contribuye para un d\u00eda a d\u00eda m\u00e1s acogedor y tranquilo, incluso a la hora de la limpieza.\u00a0<\/span><\/p>\n<p><span style=\"font-weight: 400;\">El <\/span><b>piso vin\u00edlico<\/b><span style=\"font-weight: 400;\"> se destaca en este escenario sobre otros tipos de revestimiento. Adem\u00e1s de no acumular hongos o bacterias, la limpieza de rutina de un piso vin\u00edlico no requiere productos espec\u00edficos.<\/span><\/p>\n<p><span style=\"font-weight: 400;\">Tanto para el piso vin\u00edlico pegado como para el clicado, el proceso de higienizaci\u00f3n consiste en barrer el local, pasar un pa\u00f1o h\u00famedo con detergente neutro diluido en agua y secar con pa\u00f1o seco y limpio enseguida. El pegado tambi\u00e9n puede ser lavado, siempre que no dejes el agua encharcada.<\/span><\/p>\n<p><span style=\"font-weight: 400;\">Para m\u00e1s facilidad, Tarkett ofrece en algunas l\u00edneas de LVTs la tecnolog\u00eda Extreme Protection, protecci\u00f3n de superficie exclusiva de la marca que hace de estos vin\u00edlicos hasta siete veces m\u00e1s f\u00e1ciles de limpiar que un piso com\u00fan, adem\u00e1s de la protecci\u00f3n extra contra los rayos UV.<\/span><\/p>\n<p><span style=\"font-weight: 400;\">M\u00e1s alla de esto, el vin\u00edlico ofrece m\u00e1s confort t\u00e9rmico y ac\u00fastico que otros tipos de piso, como <\/span><a href=\"https:\/\/www.tarkettlatam.com\/blog\/piso-vinilico-o-porcelanato-cual-piso-debo-elegir\/\"><b>la cer\u00e1mica, el porcelanato<\/b><\/a> <span style=\"font-weight: 400;\">y el<\/span> <a href=\"https:\/\/www.tarkettlatam.com\/blog\/piso-vinilico-o-piso-laminado-existe-diferencia\/\"><b>laminado<\/b><\/a><span style=\"font-weight: 400;\">. Con los vin\u00edlicos Tarkett eliminas el inconveniente toque-toque de los pasos y puedes caminar descalzo sin sentir aquella incomodidad del piso fr\u00edo en d\u00edas fr\u00edos \u2013 \u00a1todo lo que una casa minimalista necesita!<\/span><\/p>\n<p><b>\u00bfPreparado para aplicar el \u201cmenos es m\u00e1s\u201d en la decoraci\u00f3n y en la vida? \u00a1Comenta aqu\u00ed qu\u00e9 te parecieron estos consejos y aprovecha para aclarar tus dudas!<\/b><\/p>\n<p>&nbsp;<\/p>\n<p>&nbsp;<\/p>\n<p>&nbsp;<\/p>\n","protected":false},"excerpt":{"rendered":"<p>Conoce m\u00e1s sobre esta tendencia y descubre c\u00f3mo sacar provecho de este concepto Piso vin\u00edlico color Roble Gris \u2013 L\u00ednea Click Colecci\u00f3n Ambienta Tech \u2013 Tarkett Si hoy mismo necesitara&hellip;<\/p>\n","protected":false},"author":7,"featured_media":1779,"comment_status":"open","ping_status":"open","sticky":false,"template":"","format":"standard","meta":{"footnotes":""},"categories":[2,47],"tags":[],"class_list":["post-1776","post","type-post","status-publish","format-standard","has-post-thumbnail","hentry","category-beneficios","category-decoracion"],"yoast_head":"<!-- This site is optimized with the Yoast SEO plugin v25.2 - https:\/\/yoast.com\/wordpress\/plugins\/seo\/ -->\n<title>4 consejos para crear una decoraci\u00f3n minimalista - Blog Tarkett<\/title>\n<meta name=\"description\" content=\"Si hoy mismo necesitara viajar y solo pudieras cargar contigo lo esencial en una maleta, \u00bfqu\u00e9 llevar\u00edas?\u00a0\" \/>\n<meta name=\"robots\" content=\"index, follow, max-snippet:-1, max-image-preview:large, max-video-preview:-1\" \/>\n<link rel=\"canonical\" href=\"https:\/\/tarkettlatam.com\/blog\/4-consejos-para-crear-una-decoracion-minimalista\/\" \/>\n<meta property=\"og:locale\" content=\"es_ES\" \/>\n<meta property=\"og:type\" content=\"article\" \/>\n<meta property=\"og:title\" content=\"4 consejos para crear una decoraci\u00f3n minimalista - Blog Tarkett\" \/>\n<meta property=\"og:description\" content=\"Si hoy mismo necesitara viajar y solo pudieras cargar contigo lo esencial en una maleta, \u00bfqu\u00e9 llevar\u00edas?\u00a0\" \/>\n<meta property=\"og:url\" content=\"https:\/\/tarkettlatam.com\/blog\/4-consejos-para-crear-una-decoracion-minimalista\/\" \/>\n<meta property=\"og:site_name\" content=\"Blog Tarkett\" \/>\n<meta property=\"article:published_time\" content=\"2022-02-25T20:02:14+00:00\" \/>\n<meta property=\"article:modified_time\" content=\"2024-07-29T14:50:27+00:00\" \/>\n<meta property=\"og:image\" content=\"https:\/\/tarkettlatam.com\/blog\/wp-content\/uploads\/2022\/02\/quarto-casal-piso-vinilico-amadeirado-claro.jpg\" \/>\n\t<meta property=\"og:image:width\" content=\"640\" \/>\n\t<meta property=\"og:image:height\" content=\"426\" \/>\n\t<meta property=\"og:image:type\" content=\"image\/jpeg\" \/>\n<meta name=\"author\" content=\"Admin\" \/>\n<meta name=\"twitter:card\" content=\"summary_large_image\" \/>\n<meta name=\"twitter:label1\" content=\"Escrito por\" \/>\n\t<meta name=\"twitter:data1\" content=\"Admin\" \/>\n\t<meta name=\"twitter:label2\" content=\"Tiempo de lectura\" \/>\n\t<meta name=\"twitter:data2\" content=\"7 minutos\" \/>\n<script type=\"application\/ld+json\" class=\"yoast-schema-graph\">{\"@context\":\"https:\/\/schema.org\",\"@graph\":[{\"@type\":\"WebPage\",\"@id\":\"https:\/\/tarkettlatam.com\/blog\/4-consejos-para-crear-una-decoracion-minimalista\/\",\"url\":\"https:\/\/tarkettlatam.com\/blog\/4-consejos-para-crear-una-decoracion-minimalista\/\",\"name\":\"4 consejos para crear una decoraci\u00f3n minimalista - Blog Tarkett\",\"isPartOf\":{\"@id\":\"https:\/\/tarkettlatam.com\/blog\/#website\"},\"primaryImageOfPage\":{\"@id\":\"https:\/\/tarkettlatam.com\/blog\/4-consejos-para-crear-una-decoracion-minimalista\/#primaryimage\"},\"image\":{\"@id\":\"https:\/\/tarkettlatam.com\/blog\/4-consejos-para-crear-una-decoracion-minimalista\/#primaryimage\"},\"thumbnailUrl\":\"https:\/\/tarkettlatam.com\/blog\/wp-content\/uploads\/2022\/02\/quarto-casal-piso-vinilico-amadeirado-claro.jpg\",\"datePublished\":\"2022-02-25T20:02:14+00:00\",\"dateModified\":\"2024-07-29T14:50:27+00:00\",\"author\":{\"@id\":\"https:\/\/tarkettlatam.com\/blog\/#\/schema\/person\/eee2be554c1f0ce3a965bec99d044e8a\"},\"description\":\"Si hoy mismo necesitara viajar y solo pudieras cargar contigo lo esencial en una maleta, \u00bfqu\u00e9 llevar\u00edas?\u00a0\",\"breadcrumb\":{\"@id\":\"https:\/\/tarkettlatam.com\/blog\/4-consejos-para-crear-una-decoracion-minimalista\/#breadcrumb\"},\"inLanguage\":\"es\",\"potentialAction\":[{\"@type\":\"ReadAction\",\"target\":[\"https:\/\/tarkettlatam.com\/blog\/4-consejos-para-crear-una-decoracion-minimalista\/\"]}]},{\"@type\":\"ImageObject\",\"inLanguage\":\"es\",\"@id\":\"https:\/\/tarkettlatam.com\/blog\/4-consejos-para-crear-una-decoracion-minimalista\/#primaryimage\",\"url\":\"https:\/\/tarkettlatam.com\/blog\/wp-content\/uploads\/2022\/02\/quarto-casal-piso-vinilico-amadeirado-claro.jpg\",\"contentUrl\":\"https:\/\/tarkettlatam.com\/blog\/wp-content\/uploads\/2022\/02\/quarto-casal-piso-vinilico-amadeirado-claro.jpg\",\"width\":640,\"height\":426},{\"@type\":\"BreadcrumbList\",\"@id\":\"https:\/\/tarkettlatam.com\/blog\/4-consejos-para-crear-una-decoracion-minimalista\/#breadcrumb\",\"itemListElement\":[{\"@type\":\"ListItem\",\"position\":1,\"name\":\"Home\",\"item\":\"https:\/\/tarkettlatam.com\/blog\/\"},{\"@type\":\"ListItem\",\"position\":2,\"name\":\"4 consejos para crear una decoraci\u00f3n minimalista\"}]},{\"@type\":\"WebSite\",\"@id\":\"https:\/\/tarkettlatam.com\/blog\/#website\",\"url\":\"https:\/\/tarkettlatam.com\/blog\/\",\"name\":\"Blog Tarkett\",\"description\":\"Tarkett - L\u00edder mundial em pisos vin\u00edlicos\",\"potentialAction\":[{\"@type\":\"SearchAction\",\"target\":{\"@type\":\"EntryPoint\",\"urlTemplate\":\"https:\/\/tarkettlatam.com\/blog\/?s={search_term_string}\"},\"query-input\":{\"@type\":\"PropertyValueSpecification\",\"valueRequired\":true,\"valueName\":\"search_term_string\"}}],\"inLanguage\":\"es\"},{\"@type\":\"Person\",\"@id\":\"https:\/\/tarkettlatam.com\/blog\/#\/schema\/person\/eee2be554c1f0ce3a965bec99d044e8a\",\"name\":\"Admin\",\"image\":{\"@type\":\"ImageObject\",\"inLanguage\":\"es\",\"@id\":\"https:\/\/tarkettlatam.com\/blog\/#\/schema\/person\/image\/\",\"url\":\"https:\/\/secure.gravatar.com\/avatar\/778ce7efcadbdafda57cd10af7a749e7?s=96&d=mm&r=g\",\"contentUrl\":\"https:\/\/secure.gravatar.com\/avatar\/778ce7efcadbdafda57cd10af7a749e7?s=96&d=mm&r=g\",\"caption\":\"Admin\"},\"url\":\"https:\/\/tarkettlatam.com\/blog\/author\/admin\/\"}]}<\/script>\n<!-- \/ Yoast SEO plugin. -->","yoast_head_json":{"title":"4 consejos para crear una decoraci\u00f3n minimalista - Blog Tarkett","description":"Si hoy mismo necesitara viajar y solo pudieras cargar contigo lo esencial en una maleta, \u00bfqu\u00e9 llevar\u00edas?\u00a0","robots":{"index":"index","follow":"follow","max-snippet":"max-snippet:-1","max-image-preview":"max-image-preview:large","max-video-preview":"max-video-preview:-1"},"canonical":"https:\/\/tarkettlatam.com\/blog\/4-consejos-para-crear-una-decoracion-minimalista\/","og_locale":"es_ES","og_type":"article","og_title":"4 consejos para crear una decoraci\u00f3n minimalista - Blog Tarkett","og_description":"Si hoy mismo necesitara viajar y solo pudieras cargar contigo lo esencial en una maleta, \u00bfqu\u00e9 llevar\u00edas?\u00a0","og_url":"https:\/\/tarkettlatam.com\/blog\/4-consejos-para-crear-una-decoracion-minimalista\/","og_site_name":"Blog Tarkett","article_published_time":"2022-02-25T20:02:14+00:00","article_modified_time":"2024-07-29T14:50:27+00:00","og_image":[{"width":640,"height":426,"url":"https:\/\/tarkettlatam.com\/blog\/wp-content\/uploads\/2022\/02\/quarto-casal-piso-vinilico-amadeirado-claro.jpg","type":"image\/jpeg"}],"author":"Admin","twitter_card":"summary_large_image","twitter_misc":{"Escrito por":"Admin","Tiempo de lectura":"7 minutos"},"schema":{"@context":"https:\/\/schema.org","@graph":[{"@type":"WebPage","@id":"https:\/\/tarkettlatam.com\/blog\/4-consejos-para-crear-una-decoracion-minimalista\/","url":"https:\/\/tarkettlatam.com\/blog\/4-consejos-para-crear-una-decoracion-minimalista\/","name":"4 consejos para crear una decoraci\u00f3n minimalista - Blog Tarkett","isPartOf":{"@id":"https:\/\/tarkettlatam.com\/blog\/#website"},"primaryImageOfPage":{"@id":"https:\/\/tarkettlatam.com\/blog\/4-consejos-para-crear-una-decoracion-minimalista\/#primaryimage"},"image":{"@id":"https:\/\/tarkettlatam.com\/blog\/4-consejos-para-crear-una-decoracion-minimalista\/#primaryimage"},"thumbnailUrl":"https:\/\/tarkettlatam.com\/blog\/wp-content\/uploads\/2022\/02\/quarto-casal-piso-vinilico-amadeirado-claro.jpg","datePublished":"2022-02-25T20:02:14+00:00","dateModified":"2024-07-29T14:50:27+00:00","author":{"@id":"https:\/\/tarkettlatam.com\/blog\/#\/schema\/person\/eee2be554c1f0ce3a965bec99d044e8a"},"description":"Si hoy mismo necesitara viajar y solo pudieras cargar contigo lo esencial en una maleta, \u00bfqu\u00e9 llevar\u00edas?\u00a0","breadcrumb":{"@id":"https:\/\/tarkettlatam.com\/blog\/4-consejos-para-crear-una-decoracion-minimalista\/#breadcrumb"},"inLanguage":"es","potentialAction":[{"@type":"ReadAction","target":["https:\/\/tarkettlatam.com\/blog\/4-consejos-para-crear-una-decoracion-minimalista\/"]}]},{"@type":"ImageObject","inLanguage":"es","@id":"https:\/\/tarkettlatam.com\/blog\/4-consejos-para-crear-una-decoracion-minimalista\/#primaryimage","url":"https:\/\/tarkettlatam.com\/blog\/wp-content\/uploads\/2022\/02\/quarto-casal-piso-vinilico-amadeirado-claro.jpg","contentUrl":"https:\/\/tarkettlatam.com\/blog\/wp-content\/uploads\/2022\/02\/quarto-casal-piso-vinilico-amadeirado-claro.jpg","width":640,"height":426},{"@type":"BreadcrumbList","@id":"https:\/\/tarkettlatam.com\/blog\/4-consejos-para-crear-una-decoracion-minimalista\/#breadcrumb","itemListElement":[{"@type":"ListItem","position":1,"name":"Home","item":"https:\/\/tarkettlatam.com\/blog\/"},{"@type":"ListItem","position":2,"name":"4 consejos para crear una decoraci\u00f3n minimalista"}]},{"@type":"WebSite","@id":"https:\/\/tarkettlatam.com\/blog\/#website","url":"https:\/\/tarkettlatam.com\/blog\/","name":"Blog Tarkett","description":"Tarkett - L\u00edder mundial em pisos vin\u00edlicos","potentialAction":[{"@type":"SearchAction","target":{"@type":"EntryPoint","urlTemplate":"https:\/\/tarkettlatam.com\/blog\/?s={search_term_string}"},"query-input":{"@type":"PropertyValueSpecification","valueRequired":true,"valueName":"search_term_string"}}],"inLanguage":"es"},{"@type":"Person","@id":"https:\/\/tarkettlatam.com\/blog\/#\/schema\/person\/eee2be554c1f0ce3a965bec99d044e8a","name":"Admin","image":{"@type":"ImageObject","inLanguage":"es","@id":"https:\/\/tarkettlatam.com\/blog\/#\/schema\/person\/image\/","url":"https:\/\/secure.gravatar.com\/avatar\/778ce7efcadbdafda57cd10af7a749e7?s=96&d=mm&r=g","contentUrl":"https:\/\/secure.gravatar.com\/avatar\/778ce7efcadbdafda57cd10af7a749e7?s=96&d=mm&r=g","caption":"Admin"},"url":"https:\/\/tarkettlatam.com\/blog\/author\/admin\/"}]}},"_links":{"self":[{"href":"https:\/\/tarkettlatam.com\/blog\/wp-json\/wp\/v2\/posts\/1776","targetHints":{"allow":["GET"]}}],"collection":[{"href":"https:\/\/tarkettlatam.com\/blog\/wp-json\/wp\/v2\/posts"}],"about":[{"href":"https:\/\/tarkettlatam.com\/blog\/wp-json\/wp\/v2\/types\/post"}],"author":[{"embeddable":true,"href":"https:\/\/tarkettlatam.com\/blog\/wp-json\/wp\/v2\/users\/7"}],"replies":[{"embeddable":true,"href":"https:\/\/tarkettlatam.com\/blog\/wp-json\/wp\/v2\/comments?post=1776"}],"version-history":[{"count":4,"href":"https:\/\/tarkettlatam.com\/blog\/wp-json\/wp\/v2\/posts\/1776\/revisions"}],"predecessor-version":[{"id":2565,"href":"https:\/\/tarkettlatam.com\/blog\/wp-json\/wp\/v2\/posts\/1776\/revisions\/2565"}],"wp:featuredmedia":[{"embeddable":true,"href":"https:\/\/tarkettlatam.com\/blog\/wp-json\/wp\/v2\/media\/1779"}],"wp:attachment":[{"href":"https:\/\/tarkettlatam.com\/blog\/wp-json\/wp\/v2\/media?parent=1776"}],"wp:term":[{"taxonomy":"category","embeddable":true,"href":"https:\/\/tarkettlatam.com\/blog\/wp-json\/wp\/v2\/categories?post=1776"},{"taxonomy":"post_tag","embeddable":true,"href":"https:\/\/tarkettlatam.com\/blog\/wp-json\/wp\/v2\/tags?post=1776"}],"curies":[{"name":"wp","href":"https:\/\/api.w.org\/{rel}","templated":true}]}}